{"id":4597,"date":"2021-07-22T07:52:00","date_gmt":"2021-07-22T07:52:00","guid":{"rendered":"https:\/\/placedesnations.org\/?p=4597"},"modified":"2021-07-23T07:55:18","modified_gmt":"2021-07-23T07:55:18","slug":"pour-lonu-le-racisme-envers-les-personnes-dascendance-africaine-doit-etre-combattu-de-maniere-globale","status":"publish","type":"post","link":"https:\/\/placedesnations.org\/index.php\/2021\/07\/22\/pour-lonu-le-racisme-envers-les-personnes-dascendance-africaine-doit-etre-combattu-de-maniere-globale\/","title":{"rendered":"Pour l\u2019ONU, le racisme envers les personnes d\u2019ascendance africaine doit \u00eatre combattu de mani\u00e8re globale"},"content":{"rendered":"\n<p>Les Nations Unies ont lanc\u00e9 le 1er janvier 2015 la D\u00e9cennie internationale des personnes d\u2019ascendance africaine dans la lign\u00e9e de la D\u00e9claration de Durban de 2001. Cinq ans plus tard, les Etats membres de l\u2019ONU, r\u00e9unis en Assembl\u00e9e g\u00e9n\u00e9rale, ont fait le point sur les actions qu\u2019ils ont entreprises pour am\u00e9liorer la visibilit\u00e9 des personnes d\u2019ascendance africaine et contribuer \u00e0 un progr\u00e8s substantiel dans la promotion et la protection de leurs droits.<\/p>\n\n\n\n<p>Il y a vingt ans, la D\u00e9claration de Durban soulignait les obstacles \u00e0 la reconnaissance des personnes d\u2019ascendance africaine : un manque flagrant de volont\u00e9 politique, une l\u00e9gislation faible, un manque de strat\u00e9gies de mise en \u0153uvre et d&rsquo;action concr\u00e8te de la part des \u00c9tats, ainsi que la pr\u00e9valence d&rsquo;attitudes racistes et de st\u00e9r\u00e9otypes n\u00e9gatifs.<\/p>\n\n\n\n<p>\u00ab Si nous n&rsquo;abordons pas toutes ces questions de mani\u00e8re globale, nos efforts ne produiront pas les r\u00e9sultats souhait\u00e9s de reconnaissance, de justice et de d\u00e9veloppement pour les personnes d&rsquo;ascendance africaine \u00bb, a d\u00e9clar\u00e9 jeudi le Pr\u00e9sident de l\u2019Assembl\u00e9e g\u00e9n\u00e9rale, Volkan Bozkir, lors de la r\u00e9union passant en revue les efforts entrepris lors de la premi\u00e8re moiti\u00e9 de cette d\u00e9cennie.<\/p>\n\n\n\n<p>Malgr\u00e9 les mesures prises par plusieurs pays ces cinq derni\u00e8res ann\u00e9es, la Haut-Commissaire des Nations Unies aux droits de l\u2019homme, Michelle Bachelet, a cependant regrett\u00e9 \u00ab qu&rsquo;aucun \u00c9tat n&rsquo;ait encore adopt\u00e9 de mesures globales qui reconnaissent, traitent ou att\u00e9nuent suffisamment les crimes du pass\u00e9 et leur h\u00e9ritage vivant de discrimination, d&rsquo;exploitation et de souffrance \u00bb.<\/p>\n\n\n\n<p>Selon elle, il reste encore beaucoup de travail \u00e0 faire sur toutes ces questions. \u00ab Nous ne pouvons pas d\u00e9manteler des si\u00e8cles de racisme en une d\u00e9cennie \u00bb, a-t-elle d\u00e9clar\u00e9.<\/p>\n\n\n\n<p>Les personnes d&rsquo;ascendance africaine continuent de souffrir d&rsquo;une plus grande pauvret\u00e9. \u00ab Elles subissent des violences inacceptables, y compris de la part de la police. Elles s&rsquo;appuient sur des services d&rsquo;infrastructure de base souvent inad\u00e9quats ; manquent de mani\u00e8re disproportionn\u00e9e d&rsquo;un acc\u00e8s ad\u00e9quat \u00e0 des services d&rsquo;\u00e9ducation, de sant\u00e9 et de protection sociale de qualit\u00e9 et sont moins susceptibles que les autres de trouver un travail d\u00e9cent \u00bb, a rappel\u00e9 Mme Bachelet. Les obstacles aux droits fondamentaux des personnes d&rsquo;ascendance africaine sont davantage accrus par l&rsquo;intersectionnalit\u00e9, les femmes, en particulier, \u00e9tant oblig\u00e9es de subir de multiples formes de discrimination.<img decoding=\"async\" src=\"https:\/\/global.unitednations.entermediadb.net\/assets\/mediadb\/services\/module\/asset\/downloads\/preset\/Libraries\/Production+Library\/19-04-2021-Unspash-QQliME9oZsY-England.jpg\/image1170x530cropped.jpg\" alt=\"Des personnes manifestent \u00e0 Londres en soutien \u00e0 Black Lives Matter (juin 2020).\" width=\"100%\" height=\"\">Unsplash\/James EadesDes personnes manifestent \u00e0 Londres en soutien \u00e0 Black Lives Matter (juin 2020).<\/p>\n\n\n\n<h3 class=\"wp-block-heading\">Les personnes d&rsquo;ascendance africaine deux fois plus susceptibles de mourir des suites de la Covid-19<\/h3>\n\n\n\n<p>\u00ab Alors que nous sommes confront\u00e9s \u00e0 une pand\u00e9mie de sant\u00e9 mondiale, nous ne pouvons oublier que les personnes d&rsquo;ascendance africaine dans le monde ont moins acc\u00e8s aux soins de sant\u00e9 et sont vuln\u00e9rables \u00e0 des taux plus \u00e9lev\u00e9s d&rsquo;infection \u00e0 coronavirus et de mortalit\u00e9 associ\u00e9e \u00bb, a, pour sa part, rappel\u00e9 M. Vozkir.<\/p>\n\n\n\n<p>\u00ab Dans certains contextes, les personnes d&rsquo;ascendance africaine sont deux fois plus susceptibles de mourir des suites de la Covid-19 que leurs pairs. Je le r\u00e9p\u00e8te : deux fois plus susceptibles \u00bb, a insist\u00e9 le Pr\u00e9sident de l\u2019Assembl\u00e9e g\u00e9n\u00e9rale.<\/p>\n\n\n\n<p>Plus t\u00f4t ce mois-ci, Mme Bachelet a pr\u00e9sent\u00e9 au Conseil des droits de l&rsquo;homme &nbsp;des Nations Unies un programme en quatre points sur le changement transformateur vers la justice raciale et l&rsquo;\u00e9galit\u00e9. Le programme formule des recommandations urgentes pour d\u00e9manteler le racisme syst\u00e9mique et garantir la responsabilit\u00e9 des responsables de l&rsquo;application des lois et du syst\u00e8me de justice p\u00e9nale. Il ajoute des mesures concr\u00e8tes pour s&rsquo;assurer que les pr\u00e9occupations des personnes d&rsquo;ascendance africaine et de tous ceux qui se dressent contre le racisme soient entendues et prises en compte, que les h\u00e9ritages soient confront\u00e9s, y compris par le biais de la responsabilisation.<\/p>\n\n\n\n<p>Pour le Pr\u00e9sident de l\u2019Assembl\u00e9e g\u00e9n\u00e9rale, une plus grande place doit \u00eatre faite aux personnes d&rsquo;ascendance africaine dans les processus de d\u00e9cision et d&rsquo;\u00e9laboration des politiques, pour veiller \u00e0 ce que leurs besoins soient pris en compte et traduits en politiques et programmes dot\u00e9s de ressources et r\u00e9alisables et que leurs droits respect\u00e9s.<\/p>\n\n\n\n<p>\u00ab Il n&rsquo;y a pas de temps a perdre. Nous devons prendre des mesures urgentes maintenant, si nous voulons am\u00e9liorer les perspectives de la prochaine g\u00e9n\u00e9ration : les enfants d&rsquo;ascendance africaine, qui ont d\u00e9j\u00e0 moins de chances d&rsquo;avoir acc\u00e8s \u00e0 une \u00e9ducation de qualit\u00e9 que leurs pairs \u00bb, a-t-il ajout\u00e9. Il a par ailleurs rappel\u00e9 que la \u00ab r\u00e9union de notre humanit\u00e9 commune \u00bb a pr\u00e9sid\u00e9 \u00e0 la cr\u00e9ation des Nations Unies il y a trois quarts de si\u00e8cle. \u00ab C&rsquo;est notre humanit\u00e9 partag\u00e9e qui nous permettra de combattre l&rsquo;une des grandes injustices de la soci\u00e9t\u00e9 moderne : la discrimination raciale \u00bb, a-t-il assur\u00e9.<\/p>\n\n\n\n<p><a href=\"https:\/\/news.un.org\/fr\/story\/2021\/07\/1100512\">https:\/\/news.un.org\/fr\/story\/2021\/07\/1100512<\/a><\/p>\n","protected":false},"excerpt":{"rendered":"<p>Deux hauts responsables des Nations Unies ont appel\u00e9, jeudi, les Etats membres \u00e0 combattre le racisme \u00e0 l\u2019\u00e9gard des personnes d\u2019ascendance africaine dans sa globalit\u00e9.<\/p>\n","protected":false},"author":1,"featured_media":4598,"comment_status":"open","ping_status":"open","sticky":false,"template":"","format":"standard","meta":{"footnotes":""},"categories":[22],"tags":[],"class_list":{"0":"post-4597","1":"post","2":"type-post","3":"status-publish","4":"format-standard","5":"has-post-thumbnail","7":"category-analyse"},"_links":{"self":[{"href":"https:\/\/placedesnations.org\/index.php\/wp-json\/wp\/v2\/posts\/4597","targetHints":{"allow":["GET"]}}],"collection":[{"href":"https:\/\/placedesnations.org\/index.php\/wp-json\/wp\/v2\/posts"}],"about":[{"href":"https:\/\/placedesnations.org\/index.php\/wp-json\/wp\/v2\/types\/post"}],"author":[{"embeddable":true,"href":"https:\/\/placedesnations.org\/index.php\/wp-json\/wp\/v2\/users\/1"}],"replies":[{"embeddable":true,"href":"https:\/\/placedesnations.org\/index.php\/wp-json\/wp\/v2\/comments?post=4597"}],"version-history":[{"count":1,"href":"https:\/\/placedesnations.org\/index.php\/wp-json\/wp\/v2\/posts\/4597\/revisions"}],"predecessor-version":[{"id":4599,"href":"https:\/\/placedesnations.org\/index.php\/wp-json\/wp\/v2\/posts\/4597\/revisions\/4599"}],"wp:featuredmedia":[{"embeddable":true,"href":"https:\/\/placedesnations.org\/index.php\/wp-json\/wp\/v2\/media\/4598"}],"wp:attachment":[{"href":"https:\/\/placedesnations.org\/index.php\/wp-json\/wp\/v2\/media?parent=4597"}],"wp:term":[{"taxonomy":"category","embeddable":true,"href":"https:\/\/placedesnations.org\/index.php\/wp-json\/wp\/v2\/categories?post=4597"},{"taxonomy":"post_tag","embeddable":true,"href":"https:\/\/placedesnations.org\/index.php\/wp-json\/wp\/v2\/tags?post=4597"}],"curies":[{"name":"wp","href":"https:\/\/api.w.org\/{rel}","templated":true}]}}