{"id":4631,"date":"2021-07-28T16:31:53","date_gmt":"2021-07-28T16:31:53","guid":{"rendered":"https:\/\/placedesnations.org\/?p=4631"},"modified":"2021-07-28T16:31:55","modified_gmt":"2021-07-28T16:31:55","slug":"les-refugies-erythreens-pris-au-piege-dans-le-conflit-au-tigre-onu","status":"publish","type":"post","link":"https:\/\/placedesnations.org\/index.php\/2021\/07\/28\/les-refugies-erythreens-pris-au-piege-dans-le-conflit-au-tigre-onu\/","title":{"rendered":"Les r\u00e9fugi\u00e9s \u00e9rythr\u00e9ens pris au pi\u00e8ge dans le conflit au Tigr\u00e9 (ONU)"},"content":{"rendered":"\n<p>Selon l\u2019Agence des Nations Unies pour les r\u00e9fugi\u00e9s (<a href=\"https:\/\/www.unhcr.org\/fr\/\" target=\"_blank\" rel=\"noreferrer noopener\">HCR<\/a>), environ 24.000 r\u00e9fugi\u00e9s \u00e9rythr\u00e9ens se trouvent dans les camps de Mai Aini et d\u2019Adi Harush, dans la zone de Mai Tsebri. Ils font l\u2019objet d\u2019intimidations et de harc\u00e8lement, et vivent constamment dans la peur, priv\u00e9s d\u2019aide humanitaire.<\/p>\n\n\n\n<p>\u00ab Ces derniers jours, nous avons re\u00e7u, depuis le camp de Mai Aini, des informations inqui\u00e9tantes et cr\u00e9dibles selon lesquelles au moins un r\u00e9fugi\u00e9 a \u00e9t\u00e9 tu\u00e9 par des \u00e9l\u00e9ments arm\u00e9s op\u00e9rant \u00e0 l\u2019int\u00e9rieur du camp \u00bb, a indiqu\u00e9 Babar Baloch, porte-parole du HCR, lors d\u2019une conf\u00e9rence de presse mardi \u00e0 Gen\u00e8ve. Ce tout dernier d\u00e9c\u00e8s s\u2019ajoute au meurtre d\u2019un autre r\u00e9fugi\u00e9 survenu le 14 juillet dernier.<\/p>\n\n\n\n<p>Le HCR implore toutes les parties au conflit de respecter leurs obligations en vertu du droit international, notamment le respect du caract\u00e8re civil des camps de r\u00e9fugi\u00e9s, ainsi que du droit des r\u00e9fugi\u00e9s et de tous les civils \u00e0 \u00eatre prot\u00e9g\u00e9s des hostilit\u00e9s.<img decoding=\"async\" src=\"https:\/\/global.unitednations.entermediadb.net\/assets\/mediadb\/services\/module\/asset\/downloads\/preset\/Libraries\/Production+Library\/02-07-2021-UNICEF-UN0475540-Ethiopia.jpg\/image1170x530cropped.jpg\" alt=\"Une m\u00e8re tient dans ses bras son fils d'un an, qui souffre de malnutrition, dans un centre de sant\u00e9 de la r\u00e9gion du Tigr\u00e9, dans le nord de l'\u00c9thiopie.\" width=\"100%\" height=\"\">\u00a9 UNICEF\/Mulugeta AyeneUne m\u00e8re tient dans ses bras son fils d&rsquo;un an, qui souffre de malnutrition, dans un centre de sant\u00e9 de la r\u00e9gion du Tigr\u00e9, dans le nord de l&rsquo;\u00c9thiopie.<\/p>\n\n\n\n<h3 class=\"wp-block-heading\">\u00ab Les gens sont affam\u00e9s \u00bb<\/h3>\n\n\n\n<p>\u00ab Notre personnel n\u2019a plus aucun acc\u00e8s aux camps de r\u00e9fugi\u00e9s depuis les deux derni\u00e8res semaines \u00bb, a indiqu\u00e9 M. Baloch. \u00ab Les r\u00e9fugi\u00e9s pris au pi\u00e8ge ont d\u2019urgence besoin d\u2019une aide vitale. L\u2019eau potable se rar\u00e9fie, aucun service de sant\u00e9 n\u2019est disponible et la faim constitue une menace r\u00e9elle \u00bb, a-t-il ajout\u00e9.<\/p>\n\n\n\n<p>La toute derni\u00e8re distribution de nourriture dans les deux camps a eu lieu fin juin, avec des rations pour un mois.<\/p>\n\n\n\n<p>Les r\u00e9cents affrontements arm\u00e9s ont \u00e9galement d\u00e9plac\u00e9 des milliers de personnes dans la r\u00e9gion d\u2019Afar, voisine du Tigr\u00e9 \u00e0 l\u2019est, o\u00f9 sont \u00e9galement accueillis 55.000 autres r\u00e9fugi\u00e9s \u00e9rythr\u00e9ens. Selon certaines informations, des affrontements arm\u00e9s se d\u00e9roulent \u00e0 proximit\u00e9 des lieux o\u00f9 ils vivent.<\/p>\n\n\n\n<blockquote class=\"wp-block-quote is-layout-flow wp-block-quote-is-layout-flow\"><p>Les r\u00e9fugi\u00e9s pris au pi\u00e8ge ont d\u2019urgence besoin d\u2019une aide vitale. L\u2019eau potable se rar\u00e9fie, aucun service de sant\u00e9 n\u2019est disponible et la faim constitue une menace r\u00e9elle, Babar Baloch, porte-parole du HCR<\/p><\/blockquote>\n\n\n\n<p>Parall\u00e8lement, la principale route d\u2019approvisionnement humanitaire entre Semera \u00e0 Afar et Mekelle au Tigr\u00e9 est compl\u00e8tement bloqu\u00e9e depuis le 18 juillet. Le mat\u00e9riel de secours du HCR, comme celui d\u2019autres agences, est bloqu\u00e9 \u00e0 Semera.<\/p>\n\n\n\n<p>Ainsi, David Beasley, Directeur ex\u00e9cutif du Programme alimentaire mondial des Nations Unies (<a href=\"https:\/\/fr.wfp.org\/\" target=\"_blank\" rel=\"noreferrer noopener\">PAM<\/a>) a d\u00e9clar\u00e9 que son agence allait \u00ab manquer de nourriture \u00bb au Tigr\u00e9, vendredi. Quelque 170 camions transportant de la nourriture et d&rsquo;autres fournitures sont \u00ab bloqu\u00e9s \u00bb dans la r\u00e9gion voisine d&rsquo;Afar, a-t-il d\u00e9clar\u00e9 dans un Tweet mardi.<\/p>\n\n\n\n<p>Il a appel\u00e9 \u00e0 ce que ces camions soient autoris\u00e9s \u00e0 circuler maintenant, notant que 100 camions de ce type sont n\u00e9cessaires par jour au Tigr\u00e9. \u00ab Les gens sont affam\u00e9s \u00bb, a-t-il insist\u00e9.<\/p>\n\n\n\n<p>Le HCR a exhort\u00e9 toutes les parties au conflit \u00e0 accorder un acc\u00e8s humanitaire imm\u00e9diat et \u00e0 assurer la s\u00e9curit\u00e9 des travailleurs humanitaires qui font tout leur possible pour fournir une assistance vitale.<img decoding=\"async\" src=\"https:\/\/global.unitednations.entermediadb.net\/assets\/mediadb\/services\/module\/asset\/downloads\/preset\/Libraries\/Production+Library\/20-04-2021-UNICEF-UN0445188-Tigray-Ethiopia.jpg\/image1170x530cropped.jpg\" alt=\"Des personnes d\u00e9plac\u00e9es dans un centre de sant\u00e9 au Tigr\u00e9, en Ethiopie.\" width=\"100%\" height=\"\">\u00a9 UNICEF\/Mulugeta AyeneDes personnes d\u00e9plac\u00e9es dans un centre de sant\u00e9 au Tigr\u00e9, en Ethiopie.<\/p>\n\n\n\n<h3 class=\"wp-block-heading\">3,8 millions de personnes dans la r\u00e9gion ont besoin d&rsquo;une assistance sanitaire<\/h3>\n\n\n\n<p>De son c\u00f4t\u00e9, l\u2019Organisation mondiale de la sant\u00e9 sur le terrain (<a href=\"https:\/\/www.who.int\/fr\" target=\"_blank\" rel=\"noreferrer noopener\">OMS<\/a>) essaye d&rsquo;atteindre au moins 2,3 millions de personnes avec une assistance sanitaire pour cette ann\u00e9e, mais n\u2019a pu, \u00e0 ce jour, venir en aide qu\u2019\u00e0 87.000 personnes avec des services de sant\u00e9 depuis le 1er mai.<\/p>\n\n\n\n<p>\u00ab Vous pouvez donc voir qu&rsquo;avec les besoins que nous avons et ce que nous avons pu faire, le foss\u00e9 est tr\u00e8s large \u00bb, a indiqu\u00e9 Fad\u00e9la Chaib, porte-parole de l\u2019OMS.<\/p>\n\n\n\n<p>\u00ab Nous voulons fournir des fournitures pour r\u00e9approvisionner les \u00e9tablissements de sant\u00e9 et les h\u00f4pitaux, car les fournitures sanitaires arrivent en quantit\u00e9s limit\u00e9es dans la r\u00e9gion et certains \u00e9tablissements de sant\u00e9 ont \u00e9t\u00e9 pill\u00e9s ou endommag\u00e9s. De plus, les travailleurs de la sant\u00e9 ne peuvent pas \u00eatre pay\u00e9s. Donc il n&rsquo;y a des probl\u00e8mes d&rsquo;argent, de carburant, de fournitures sanitaires, de s\u00e9curit\u00e9 et d&rsquo;acc\u00e8s dans cette r\u00e9gion \u00bb, a-t-elle ajout\u00e9.<\/p>\n\n\n\n<p>L\u2019OMS est profond\u00e9ment pr\u00e9occup\u00e9e par le risque croissant de malnutrition s\u00e9v\u00e8re dans la r\u00e9gion du Tigr\u00e9. L\u2019agence onusienne a indiqu\u00e9 que, l&rsquo;ann\u00e9e derni\u00e8re et l&rsquo;ann\u00e9e pr\u00e9c\u00e9dente, jamais plus de 300 cas de malnutrition aigu\u00eb s\u00e9v\u00e8re ont \u00e9t\u00e9 signal\u00e9s chaque semaine dans cette r\u00e9gion.<\/p>\n\n\n\n<blockquote class=\"wp-block-quote is-layout-flow wp-block-quote-is-layout-flow\"><p>Depuis la mi-mai de cette ann\u00e9e, nous avons constat\u00e9 une augmentation significative et inqui\u00e9tante du nombre de cas de malnutrition aigu\u00eb s\u00e9v\u00e8re rapport\u00e9 par semaine, Fad\u00e9la Chaib, porte-parole de l&rsquo;OMS<\/p><\/blockquote>\n\n\n\n<p>\u00ab Depuis la mi-mai de cette ann\u00e9e, nous avons constat\u00e9 une augmentation significative et inqui\u00e9tante du nombre de cas de malnutrition aigu\u00eb s\u00e9v\u00e8re rapport\u00e9 par semaine, et ce dans la moiti\u00e9 des sites que nous avons pu visiter et rapporter. Il y a donc une r\u00e9elle sous-estimation de la malnutrition dans la r\u00e9gion \u00bb, a dit Mme Chaib, notant que du 1er au 15 juillet, un total de 458 enfants souffrant de malnutrition aigu\u00eb s\u00e9v\u00e8re ont \u00e9t\u00e9 admis et pris en charge dans les centres de stabilisation des h\u00f4pitaux de la r\u00e9gion de Mekele.<\/p>\n\n\n\n<p>\u00ab Lorsque vous avez un enfant souffrant de malnutrition s\u00e9v\u00e8re et qu&rsquo;il contracte une maladie comme le paludisme ou la rougeole, c&rsquo;est vraiment un arr\u00eat de mort pour l&rsquo;enfant \u00bb, a insist\u00e9 la porte-parole de l\u2019OMS<\/p>\n\n\n\n<p>Avec 92 centres de stabilisation, l\u2019OMS a besoin de 200 centres suppl\u00e9mentaires pour fournir les soins de sant\u00e9 n\u00e9cessaires, \u00ab car il s&rsquo;agit d&rsquo;un besoin de sant\u00e9 tr\u00e8s sp\u00e9cialis\u00e9 lorsqu&rsquo;il s&rsquo;agit d&rsquo;enfants ou d&rsquo;adolescents ou m\u00eame d&rsquo;adultes souffrant de malnutrition s\u00e9v\u00e8re \u00bb, a-t-elle indiqu\u00e9.<\/p>\n\n\n\n<p><a href=\"https:\/\/news.un.org\/fr\/story\/2021\/07\/1100762\">https:\/\/news.un.org\/fr\/story\/2021\/07\/1100762<\/a><\/p>\n","protected":false},"excerpt":{"rendered":"<p>Les agences humanitaires des Nations Unies sont vivement pr\u00e9occup\u00e9es par le sort de milliers de r\u00e9fugi\u00e9s \u00e9rythr\u00e9ens actuellement bloqu\u00e9s dans deux camps de r\u00e9fugi\u00e9s au Tigr\u00e9, en \u00c9thiopie, tandis que les combats entre groupes arm\u00e9s s\u2019intensifient.<\/p>\n","protected":false},"author":1,"featured_media":4632,"comment_status":"open","ping_status":"open","sticky":false,"template":"","format":"standard","meta":{"footnotes":""},"categories":[22],"tags":[],"class_list":{"0":"post-4631","1":"post","2":"type-post","3":"status-publish","4":"format-standard","5":"has-post-thumbnail","7":"category-analyse"},"_links":{"self":[{"href":"https:\/\/placedesnations.org\/index.php\/wp-json\/wp\/v2\/posts\/4631","targetHints":{"allow":["GET"]}}],"collection":[{"href":"https:\/\/placedesnations.org\/index.php\/wp-json\/wp\/v2\/posts"}],"about":[{"href":"https:\/\/placedesnations.org\/index.php\/wp-json\/wp\/v2\/types\/post"}],"author":[{"embeddable":true,"href":"https:\/\/placedesnations.org\/index.php\/wp-json\/wp\/v2\/users\/1"}],"replies":[{"embeddable":true,"href":"https:\/\/placedesnations.org\/index.php\/wp-json\/wp\/v2\/comments?post=4631"}],"version-history":[{"count":1,"href":"https:\/\/placedesnations.org\/index.php\/wp-json\/wp\/v2\/posts\/4631\/revisions"}],"predecessor-version":[{"id":4633,"href":"https:\/\/placedesnations.org\/index.php\/wp-json\/wp\/v2\/posts\/4631\/revisions\/4633"}],"wp:featuredmedia":[{"embeddable":true,"href":"https:\/\/placedesnations.org\/index.php\/wp-json\/wp\/v2\/media\/4632"}],"wp:attachment":[{"href":"https:\/\/placedesnations.org\/index.php\/wp-json\/wp\/v2\/media?parent=4631"}],"wp:term":[{"taxonomy":"category","embeddable":true,"href":"https:\/\/placedesnations.org\/index.php\/wp-json\/wp\/v2\/categories?post=4631"},{"taxonomy":"post_tag","embeddable":true,"href":"https:\/\/placedesnations.org\/index.php\/wp-json\/wp\/v2\/tags?post=4631"}],"curies":[{"name":"wp","href":"https:\/\/api.w.org\/{rel}","templated":true}]}}