{"id":4634,"date":"2021-07-24T16:32:00","date_gmt":"2021-07-24T16:32:00","guid":{"rendered":"https:\/\/placedesnations.org\/?p=4634"},"modified":"2021-07-28T16:34:03","modified_gmt":"2021-07-28T16:34:03","slug":"chypre-le-conseil-de-securite-condamne-lannonce-par-les-dirigeants-turcs-et-chypriotes-turcs-de-rouvrir-varosha","status":"publish","type":"post","link":"https:\/\/placedesnations.org\/index.php\/2021\/07\/24\/chypre-le-conseil-de-securite-condamne-lannonce-par-les-dirigeants-turcs-et-chypriotes-turcs-de-rouvrir-varosha\/","title":{"rendered":"Chypre : le Conseil de s\u00e9curit\u00e9 condamne l\u2019annonce par les dirigeants turcs et chypriotes turcs de rouvrir Varosha"},"content":{"rendered":"\n<p>Le Pr\u00e9sident de la Turquie, Recep Tayyip Erdogan, a effectu\u00e9, lundi 19 et mardi 20 juillet, un s\u00e9jour dans la partie nord de Chypre. Lors de sa visite, le pr\u00e9sident turc s\u2019est rendu \u00e0 Varosha, une ancienne station baln\u00e9aire situ\u00e9e \u00e0 la p\u00e9riph\u00e9rie de la ville de Famagouste, o\u00f9 il a annonc\u00e9 la r\u00e9ouverture de certains quartiers de la ville au public.<\/p>\n\n\n\n<p>Abandonn\u00e9e au moment de l\u2019intervention turque de 1974 \u00e0 Chypre, Varosha a \u00e9t\u00e9 vid\u00e9e de ses&nbsp;habitants chypriotes grecs. La ville est rest\u00e9e intouch\u00e9e et abandonn\u00e9e.<\/p>\n\n\n\n<p>\u00ab Toute tentative de r\u00e8glement de toute partie de Varosha par des personnes autres que ses habitants est inadmissible \u00bb, a r\u00e9affirm\u00e9 le Conseil de s\u00e9curit\u00e9 dans une d\u00e9claration pr\u00e9sidentielle, ajoutant qu&rsquo;aucune action ne devrait \u00eatre men\u00e9e \u00e0 l&rsquo;\u00e9gard de cette ville&nbsp;sans qu\u2019elle soit conforme aux r\u00e9solutions qu\u2019il a adopt\u00e9 par le pass\u00e9.<\/p>\n\n\n\n<p>D\u00e8s mercredi, le Secr\u00e9taire g\u00e9n\u00e9ral des Nations Unies, Antonnio Guterres, avait exprim\u00e9 sa profonde pr\u00e9occupation par les annonces faites par les Chypriotes turcs et la Turquie pour rouvrir les rues et les plages de la ville cl\u00f4tur\u00e9e de Varosha. \u00ab Le Secr\u00e9taire g\u00e9n\u00e9ral a appel\u00e9 \u00e0 maintes reprises toutes les parties \u00e0 s&rsquo;abstenir de toute action unilat\u00e9rale susceptible de provoquer des tensions et de compromettre les efforts en cours pour rechercher un terrain d&rsquo;entente entre les parties en vue d&rsquo;un r\u00e8glement durable de la question chypriote \u00bb, avait alors d\u00e9clar\u00e9 son porte-parole adjoint, rappelant que la \u00ab position de l&rsquo;ONU sur Varosha reste inchang\u00e9e et est guid\u00e9e par les r\u00e9solutions pertinentes du Conseil de s\u00e9curit\u00e9 \u00bb.<\/p>\n\n\n\n<p>Le Conseil de s\u00e9curit\u00e9 a \u00e9galement profond\u00e9ment regrett\u00e9 les \u00ab actions unilat\u00e9rales \u00bb des dirigeants turcs et chypriotes turcs qui, selon lui, \u00ab vont \u00e0 l&rsquo;encontre de ses r\u00e9solutions et d\u00e9clarations pr\u00e9c\u00e9dentes \u00bb. Il a appel\u00e9 \u00e0 inverser imm\u00e9diatement ce type d\u2019action et \u00e0 annuler toutes les mesures prises sur Varosha depuis octobre 2020.<\/p>\n\n\n\n<h3 class=\"wp-block-heading\">Guterres : \u00ab S\u2019abstenir de toute action inutile \u00bb<\/h3>\n\n\n\n<p>L\u2019organe onusien charg\u00e9 de la paix et de la s\u00e9curit\u00e9 internationales a \u00e9galement soulign\u00e9 la n\u00e9cessit\u00e9 d&rsquo;\u00e9viter toute nouvelle action unilat\u00e9rale non conforme \u00e0 ses r\u00e9solutions et qui pourrait augmenter les tensions sur l&rsquo;\u00eele et nuire les perspectives d\u2019un r\u00e8glement du conflit.<\/p>\n\n\n\n<p>Le Secr\u00e9taire g\u00e9n\u00e9ral de l\u2019ONU avait, pour sa part, appel\u00e9 toutes les parties \u00e0 s&rsquo;abstenir de toute action inutile et \u00e0 engager \u00ab un dialogue pour apporter la paix et la prosp\u00e9rit\u00e9 \u00e0 l&rsquo;\u00eele gr\u00e2ce \u00e0 un r\u00e8glement global \u00bb.<\/p>\n\n\n\n<p>Le Conseil de s\u00e9curit\u00e9 a aussi soulign\u00e9 l&rsquo;importance du plein respect et de la mise en \u0153uvre de ses r\u00e9solutions, y compris le transfert de Varosha \u00e0 l&rsquo;administration de l&rsquo;ONU et du respect de la libert\u00e9 de mouvement de la Force des Nations Unies charg\u00e9e du maintien de la paix \u00e0 Chypre (UNFICYP). Il a r\u00e9affirm\u00e9 son attachement \u00e0 une politique durable, \u00e0 un r\u00e8glement global et juste conforme aux v\u0153ux des Chypriotes, et reposant sur une f\u00e9d\u00e9ration bicommunautaire, bizonale avec une \u00e9galit\u00e9 politique.<\/p>\n\n\n\n<p><a href=\"https:\/\/news.un.org\/fr\/story\/2021\/07\/1100572\">https:\/\/news.un.org\/fr\/story\/2021\/07\/1100572<\/a><\/p>\n","protected":false},"excerpt":{"rendered":"<p>Le Conseil de s\u00e9curit\u00e9 des Nations Unies a condamn\u00e9, vendredi, l&rsquo;annonce faite cette semaine \u00e0 Chypre par les dirigeants turcs et chypriotes turcs de rouvrir une partie de la zone cl\u00f4tur\u00e9e de la ville de Varosha.<\/p>\n","protected":false},"author":1,"featured_media":4635,"comment_status":"open","ping_status":"open","sticky":false,"template":"","format":"standard","meta":{"footnotes":""},"categories":[22],"tags":[],"class_list":{"0":"post-4634","1":"post","2":"type-post","3":"status-publish","4":"format-standard","5":"has-post-thumbnail","7":"category-analyse"},"_links":{"self":[{"href":"https:\/\/placedesnations.org\/index.php\/wp-json\/wp\/v2\/posts\/4634","targetHints":{"allow":["GET"]}}],"collection":[{"href":"https:\/\/placedesnations.org\/index.php\/wp-json\/wp\/v2\/posts"}],"about":[{"href":"https:\/\/placedesnations.org\/index.php\/wp-json\/wp\/v2\/types\/post"}],"author":[{"embeddable":true,"href":"https:\/\/placedesnations.org\/index.php\/wp-json\/wp\/v2\/users\/1"}],"replies":[{"embeddable":true,"href":"https:\/\/placedesnations.org\/index.php\/wp-json\/wp\/v2\/comments?post=4634"}],"version-history":[{"count":1,"href":"https:\/\/placedesnations.org\/index.php\/wp-json\/wp\/v2\/posts\/4634\/revisions"}],"predecessor-version":[{"id":4636,"href":"https:\/\/placedesnations.org\/index.php\/wp-json\/wp\/v2\/posts\/4634\/revisions\/4636"}],"wp:featuredmedia":[{"embeddable":true,"href":"https:\/\/placedesnations.org\/index.php\/wp-json\/wp\/v2\/media\/4635"}],"wp:attachment":[{"href":"https:\/\/placedesnations.org\/index.php\/wp-json\/wp\/v2\/media?parent=4634"}],"wp:term":[{"taxonomy":"category","embeddable":true,"href":"https:\/\/placedesnations.org\/index.php\/wp-json\/wp\/v2\/categories?post=4634"},{"taxonomy":"post_tag","embeddable":true,"href":"https:\/\/placedesnations.org\/index.php\/wp-json\/wp\/v2\/tags?post=4634"}],"curies":[{"name":"wp","href":"https:\/\/api.w.org\/{rel}","templated":true}]}}