{"id":4815,"date":"2021-09-06T22:15:00","date_gmt":"2021-09-06T22:15:00","guid":{"rendered":"https:\/\/placedesnations.org\/?p=4815"},"modified":"2021-09-08T22:17:42","modified_gmt":"2021-09-08T22:17:42","slug":"laction-climatique-est-essentielle-dans-un-monde-affecte-par-des-incendies-et-des-inondations","status":"publish","type":"post","link":"https:\/\/placedesnations.org\/index.php\/2021\/09\/06\/laction-climatique-est-essentielle-dans-un-monde-affecte-par-des-incendies-et-des-inondations\/","title":{"rendered":"L&rsquo;action climatique est essentielle dans un monde affect\u00e9 par des incendies et des inondations"},"content":{"rendered":"\n<p>\u00ab La plan\u00e8te enti\u00e8re traverse une saison d&rsquo;incendies et d&rsquo;inondations \u00bb qui touche principalement les populations fragiles et vuln\u00e9rables des pays riches comme des pays pauvres, a d\u00e9clar\u00e9 la Vice-Secr\u00e9taire g\u00e9n\u00e9rale des Nations Unies, Amina Mohammed, lors d&rsquo;une r\u00e9union de haut niveau sur l&rsquo;action climatique.<\/p>\n\n\n\n<p>S&rsquo;exprimant par message vid\u00e9o au Dialogue sur l&rsquo;acc\u00e9l\u00e9ration des solutions d&rsquo;adaptation en amont de la COP26, la conf\u00e9rence annuelle des Nations Unies sur le climat, qui se tiendra \u00e0 Glasgow (Royaume-Uni) en novembre, elle a not\u00e9 les impacts d\u00e9j\u00e0 visibles.<\/p>\n\n\n\n<p>\u00ab Les pays et les populations du monde entier \u2013 en particulier les plus vuln\u00e9rables et les moins responsables de la crise climatique \u2013 conna\u00eetront des cons\u00e9quences encore plus d\u00e9vastatrices \u00bb, a-t-elle d\u00e9clar\u00e9. \u00ab Les effets se r\u00e9percuteront sur les \u00e9conomies, les communaut\u00e9s et les \u00e9cosyst\u00e8mes, effa\u00e7ant les acquis du d\u00e9veloppement, aggravant la pauvret\u00e9, augmentant les migrations et exacerbant les tensions \u00bb.<\/p>\n\n\n\n<h3 class=\"wp-block-heading\">Justice climatique<\/h3>\n\n\n\n<p>Selon Mme Mohammed, gr\u00e2ce \u00e0 des \u00ab mesures audacieuses et d\u00e9cisives \u00bb vers une \u00e9conomie mondiale nette z\u00e9ro d&rsquo;ici 2050, le monde pourrait encore limiter le r\u00e9chauffement climatique \u00e0 moins de 1,5 degr\u00e9. \u00ab Agir maintenant est une question de justice climatique. Et nous avons les solutions \u00bb, a-t-elle d\u00e9clar\u00e9.<\/p>\n\n\n\n<p>Alors qu&rsquo;un \u00ab investissement massif accru \u00bb dans l&rsquo;adaptation et la r\u00e9silience est \u00ab critique \u00bb pour ceux qui se trouvent en premi\u00e8re ligne de la crise climatique, elle a indiqu\u00e9 qu&rsquo;\u00e0 ce jour, seulement 21% du financement climatique est consacr\u00e9 aux efforts d&rsquo;adaptation.<\/p>\n\n\n\n<p>\u00ab Sur les 70 milliards de dollars dont les pays en d\u00e9veloppement ont besoin pour s&rsquo;adapter, seule une fraction est fournie \u00bb, a dit la Vice-Secr\u00e9taire g\u00e9n\u00e9rale, ajoutant que les co\u00fbts d&rsquo;adaptation pour le monde en d\u00e9veloppement pourraient atteindre 300 milliards de dollars par an d&rsquo;ici 2030.<\/p>\n\n\n\n<p>En plus d&rsquo;\u00eatre un imp\u00e9ratif moral, il existe \u00e9galement des arguments \u00e9conomiques clairs en faveur d&rsquo;investissements pr\u00e9coces dans l&rsquo;adaptation et le renforcement de la r\u00e9silience. \u00ab Des vies seront sauv\u00e9es et les moyens de subsistance prot\u00e9g\u00e9s \u00bb, a-t-elle d\u00e9clar\u00e9, notant que c&rsquo;\u00e9tait la raison pour laquelle le Secr\u00e9taire g\u00e9n\u00e9ral avait appel\u00e9 les donateurs et les banques multilat\u00e9rales de d\u00e9veloppement \u00e0 allouer 50% du total des financements publics climatiques \u00e0 l&rsquo;adaptation et \u00e0 la r\u00e9silience.<\/p>\n\n\n\n<h3 class=\"wp-block-heading\">Difficult\u00e9s d&rsquo;acc\u00e8s au financement<\/h3>\n\n\n\n<p>N\u00e9anmoins, les pays qui ont besoin de ce soutien continuent de faire face \u00e0 de graves difficult\u00e9s pour acc\u00e9der au financement climatique.<\/p>\n\n\n\n<p>Mme Mohammed a soulign\u00e9 l&rsquo;importance de simplifier les r\u00e8gles et de faciliter l&rsquo;acc\u00e8s pour les pays les moins avanc\u00e9s, les petits \u00c9tats insulaires en d\u00e9veloppement et d&rsquo;autres nations vuln\u00e9rables et d&rsquo;acc\u00e9l\u00e9rer les initiatives, telles que le Programme d&rsquo;acc\u00e9l\u00e9ration de l&rsquo;adaptation en Afrique, d\u00e9velopp\u00e9 conjointement par le Centre mondial pour l&rsquo;adaptation et la Banque africaine de d\u00e9veloppement.<\/p>\n\n\n\n<p>Selon elle, le programme a le potentiel de produire des r\u00e9sultats rapides et transformateurs qui prot\u00e8gent les vies et les moyens de subsistance et de galvaniser les actions r\u00e9silientes au climat pour faire face aux impacts de la Covid-19, du changement climatique et de l&rsquo;\u00e9conomie.<\/p>\n\n\n\n<p>\u00ab Je me r\u00e9jouis de ce soutien dont les Africains ont tant besoin \u00bb, a-t-elle d\u00e9clar\u00e9.<\/p>\n\n\n\n<p>\u00c0 moins de 80 jours de la COP26, la num\u00e9ro deux de l&rsquo;ONU a exhort\u00e9 les participants \u00e0 \u00ab agir avec audace maintenant pour les gens et la plan\u00e8te avant qu&rsquo;il ne soit trop tard \u00bb. \u00ab Nous devons r\u00e9pondre \u00e0 la crise climatique avec solidarit\u00e9. L&rsquo;adaptation ne peut plus \u00eatre la moiti\u00e9 n\u00e9glig\u00e9e de l&rsquo;\u00e9quation climatique \u00bb.<\/p>\n\n\n\n<p><a href=\"https:\/\/news.un.org\/fr\/story\/2021\/09\/1103102\">https:\/\/news.un.org\/fr\/story\/2021\/09\/1103102<\/a><\/p>\n","protected":false},"excerpt":{"rendered":"<p>Alors que les \u00e9v\u00e9nements m\u00e9t\u00e9orologiques extr\u00eames affectent de plus en plus le monde entier, la num\u00e9ro deux de l&rsquo;ONU a soulign\u00e9 lundi l&rsquo;importance de limiter la hausse des temp\u00e9ratures \u00e0 l&rsquo;objectif convenu de 1,5 degr\u00e9 Celsius au-dessus des niveaux pr\u00e9industriels.<\/p>\n","protected":false},"author":1,"featured_media":4816,"comment_status":"open","ping_status":"open","sticky":false,"template":"","format":"standard","meta":{"footnotes":""},"categories":[22],"tags":[],"class_list":{"0":"post-4815","1":"post","2":"type-post","3":"status-publish","4":"format-standard","5":"has-post-thumbnail","7":"category-analyse"},"_links":{"self":[{"href":"https:\/\/placedesnations.org\/index.php\/wp-json\/wp\/v2\/posts\/4815","targetHints":{"allow":["GET"]}}],"collection":[{"href":"https:\/\/placedesnations.org\/index.php\/wp-json\/wp\/v2\/posts"}],"about":[{"href":"https:\/\/placedesnations.org\/index.php\/wp-json\/wp\/v2\/types\/post"}],"author":[{"embeddable":true,"href":"https:\/\/placedesnations.org\/index.php\/wp-json\/wp\/v2\/users\/1"}],"replies":[{"embeddable":true,"href":"https:\/\/placedesnations.org\/index.php\/wp-json\/wp\/v2\/comments?post=4815"}],"version-history":[{"count":1,"href":"https:\/\/placedesnations.org\/index.php\/wp-json\/wp\/v2\/posts\/4815\/revisions"}],"predecessor-version":[{"id":4817,"href":"https:\/\/placedesnations.org\/index.php\/wp-json\/wp\/v2\/posts\/4815\/revisions\/4817"}],"wp:featuredmedia":[{"embeddable":true,"href":"https:\/\/placedesnations.org\/index.php\/wp-json\/wp\/v2\/media\/4816"}],"wp:attachment":[{"href":"https:\/\/placedesnations.org\/index.php\/wp-json\/wp\/v2\/media?parent=4815"}],"wp:term":[{"taxonomy":"category","embeddable":true,"href":"https:\/\/placedesnations.org\/index.php\/wp-json\/wp\/v2\/categories?post=4815"},{"taxonomy":"post_tag","embeddable":true,"href":"https:\/\/placedesnations.org\/index.php\/wp-json\/wp\/v2\/tags?post=4815"}],"curies":[{"name":"wp","href":"https:\/\/api.w.org\/{rel}","templated":true}]}}