{"id":4858,"date":"2021-09-24T12:22:00","date_gmt":"2021-09-24T12:22:00","guid":{"rendered":"https:\/\/placedesnations.org\/?p=4858"},"modified":"2021-09-27T12:24:26","modified_gmt":"2021-09-27T12:24:26","slug":"au-moins-785-migrants-ont-peri-au-large-des-iles-canaries-depuis-debut-2021-oim","status":"publish","type":"post","link":"https:\/\/placedesnations.org\/index.php\/2021\/09\/24\/au-moins-785-migrants-ont-peri-au-large-des-iles-canaries-depuis-debut-2021-oim\/","title":{"rendered":"Au moins 785 migrants ont p\u00e9ri au large des \u00eeles Canaries depuis d\u00e9but 2021 (OIM)"},"content":{"rendered":"\n<p>L\u2019agence onusienne s\u2019inqui\u00e8te de \u00ab la forte augmentation des d\u00e9c\u00e8s et des disparitions en mer de migrants qui tentent de rejoindre les \u00eeles Canaries en longeant la c\u00f4te ouest-africaine \u00bb.<\/p>\n\n\n\n<p>Selon le projet de l\u2019<a href=\"https:\/\/www.iom.int\/fr\" target=\"_blank\" rel=\"noreferrer noopener\">OIM<\/a>&nbsp;sur les migrants disparus, le mois d\u2019ao\u00fbt a \u00e9t\u00e9 le plus meurtrier en termes de d\u00e9c\u00e8s document\u00e9s. Avec 379 vies perdues, cela repr\u00e9sente pr\u00e8s de la moiti\u00e9 du nombre total de d\u00e9c\u00e8s enregistr\u00e9s cette ann\u00e9e. \u00ab Les naufrages invisibles, dans lesquels il n\u2019y a pas de survivants, seraient fr\u00e9quents sur cette route mais sont presque impossibles \u00e0 v\u00e9rifier \u00bb, d\u00e9taille Frank Laczko, Directeur du Centre mondial d\u2019analyse des donn\u00e9es migratoires de l\u2019OIM.&nbsp;<\/p>\n\n\n\n<h3 class=\"wp-block-heading\">9.386 migrants et r\u00e9fugi\u00e9s arriv\u00e9s aux \u00eeles Canaries par la mer<\/h3>\n\n\n\n<p>Les chiffres montrent une multiplication par deux par rapport au nombre de d\u00e9c\u00e8s enregistr\u00e9s \u00e0 la m\u00eame p\u00e9riode l\u2019ann\u00e9e derni\u00e8re, o\u00f9 environ 320 personnes ont perdu la vie sur la route Afrique occidentale-Atlantique.\u202fSur l\u2019ensemble de l\u2019ann\u00e9e 2020, au moins 850 d\u00e9c\u00e8s de migrants ont \u00e9t\u00e9 enregistr\u00e9s sur cette route, soit le plus grand nombre document\u00e9 de vies perdues en une seule ann\u00e9e depuis que l\u2019OIM a commenc\u00e9 \u00e0 collecter des donn\u00e9es en 2014.\u202f<\/p>\n\n\n\n<p>\u00ab Le nombre r\u00e9el de vies perdues en mer est probablement beaucoup plus \u00e9lev\u00e9 \u00bb, a ajout\u00e9 M. Laczko. Et m\u00eame lorsque des bateaux sont signal\u00e9s en d\u00e9tresse, il est difficile de d\u00e9terminer le nombre de personnes perdues.<\/p>\n\n\n\n<p>Selon l\u2019OIM, les conflits et la pauvret\u00e9, exacerb\u00e9s par les mesures de lutte contre la pand\u00e9mie de Covid-19, associ\u00e9s \u00e0 des canaux limit\u00e9s de migration r\u00e9guli\u00e8re, continuent de contraindre les gens \u00e0 entreprendre des voyages extr\u00eamement p\u00e9rilleux en mer. Au cours des huit premiers mois de cette ann\u00e9e, 9.386 personnes sont arriv\u00e9es aux \u00eeles Canaries par la mer, soit une augmentation de 140% par rapport \u00e0 la m\u00eame p\u00e9riode en 2020 (3 933).<\/p>\n\n\n\n<h3 class=\"wp-block-heading\">36 bateaux ont disparu sans laisser de traces sur la route des \u00eeles Canaries en un semestre<\/h3>\n\n\n\n<p>Les t\u00e9moignages des survivants recueillis par l\u2019OIM indiquent que les voyages sont de plus en plus risqu\u00e9s.\u202fL\u2019un des sept survivants d\u2019un bateau transportant 54 personnes qui a d\u00e9riv\u00e9 pendant deux semaines avant de chavirer pr\u00e8s des c\u00f4tes mauritaniennes \u00e0 la mi-ao\u00fbt a racont\u00e9 au personnel de l\u2019OIM que leur moteur s\u2019\u00e9tait \u00e9teint apr\u00e8s trois jours en mer et qu\u2019ils \u00e9taient \u00e0 court de nourriture et d\u2019eau.<\/p>\n\n\n\n<p>\u00ab Les gens commen\u00e7aient d\u00e9j\u00e0 \u00e0 mourir \u00bb, a-t-il dit. \u00ab Leurs corps ont \u00e9t\u00e9 jet\u00e9s \u00e0 la mer pour que le bateau ne soit pas trop lourd et que nous mourions tous. Il y avait des gens qui avaient l\u2019air d\u2019\u00eatre devenus fous, parfois ils se mordaient, ils criaient, et ils se jetaient \u00e0 la mer \u00bb.<\/p>\n\n\n\n<p>De plus, des rapports faisant \u00e9tat de d\u00e9pouilles \u00e9chou\u00e9es le long de la c\u00f4te atlantique de l\u2019Afrique de l\u2019Ouest ou fr\u00e9quemment prises dans les chaluts des navires de p\u00eache sont des indices suppl\u00e9mentaires de \u00ab naufrages invisibles \u00bb. L\u2019organisation de la soci\u00e9t\u00e9 civile espagnole \u00ab Caminando Fronteras \u00bb a estim\u00e9 que 36 bateaux ont disparu sans laisser de traces sur la route des \u00eeles Canaries au cours des six premiers mois de 2021.<\/p>\n\n\n\n<p>\u00ab Pour mettre fin \u00e0 ces pertes de vie insens\u00e9es sur toutes les routes migratoires maritimes vers l\u2019Europe, il faut une r\u00e9ponse globale, des capacit\u00e9s de recherche et de sauvetage renforc\u00e9es par l\u2019\u00c9tat et des voies pour une migration s\u00fbre, ordonn\u00e9e et r\u00e9guli\u00e8re \u00bb, a conclu M. Laczko.<\/p>\n\n\n\n<p><a href=\"https:\/\/news.un.org\/fr\/story\/2021\/09\/1104662\">https:\/\/news.un.org\/fr\/story\/2021\/09\/1104662<\/a><\/p>\n","protected":false},"excerpt":{"rendered":"<p>Au moins 785 migrants, dont 177 femmes et 50 enfants sont d\u00e9c\u00e9d\u00e9s ou port\u00e9s disparus depuis le d\u00e9but de l\u2019ann\u00e9e, dans diff\u00e9rents naufrages dans l\u2019Atlantique, sur la route migratoire des Canaries, a annonc\u00e9 vendredi l\u2019Organisation internationale pour les migrations (OIM).<\/p>\n","protected":false},"author":1,"featured_media":4859,"comment_status":"open","ping_status":"open","sticky":false,"template":"","format":"standard","meta":{"footnotes":""},"categories":[16],"tags":[],"class_list":{"0":"post-4858","1":"post","2":"type-post","3":"status-publish","4":"format-standard","5":"has-post-thumbnail","7":"category-organisations-internationales"},"_links":{"self":[{"href":"https:\/\/placedesnations.org\/index.php\/wp-json\/wp\/v2\/posts\/4858","targetHints":{"allow":["GET"]}}],"collection":[{"href":"https:\/\/placedesnations.org\/index.php\/wp-json\/wp\/v2\/posts"}],"about":[{"href":"https:\/\/placedesnations.org\/index.php\/wp-json\/wp\/v2\/types\/post"}],"author":[{"embeddable":true,"href":"https:\/\/placedesnations.org\/index.php\/wp-json\/wp\/v2\/users\/1"}],"replies":[{"embeddable":true,"href":"https:\/\/placedesnations.org\/index.php\/wp-json\/wp\/v2\/comments?post=4858"}],"version-history":[{"count":1,"href":"https:\/\/placedesnations.org\/index.php\/wp-json\/wp\/v2\/posts\/4858\/revisions"}],"predecessor-version":[{"id":4860,"href":"https:\/\/placedesnations.org\/index.php\/wp-json\/wp\/v2\/posts\/4858\/revisions\/4860"}],"wp:featuredmedia":[{"embeddable":true,"href":"https:\/\/placedesnations.org\/index.php\/wp-json\/wp\/v2\/media\/4859"}],"wp:attachment":[{"href":"https:\/\/placedesnations.org\/index.php\/wp-json\/wp\/v2\/media?parent=4858"}],"wp:term":[{"taxonomy":"category","embeddable":true,"href":"https:\/\/placedesnations.org\/index.php\/wp-json\/wp\/v2\/categories?post=4858"},{"taxonomy":"post_tag","embeddable":true,"href":"https:\/\/placedesnations.org\/index.php\/wp-json\/wp\/v2\/tags?post=4858"}],"curies":[{"name":"wp","href":"https:\/\/api.w.org\/{rel}","templated":true}]}}