{"id":4934,"date":"2021-10-20T08:44:00","date_gmt":"2021-10-20T08:44:00","guid":{"rendered":"https:\/\/placedesnations.org\/?p=4934"},"modified":"2021-10-22T08:46:10","modified_gmt":"2021-10-22T08:46:10","slug":"grands-lacs-dafrique-lenvoye-de-lonu-appelle-a-consolider-les-acquis-et-sattaquer-aux-defis","status":"publish","type":"post","link":"https:\/\/placedesnations.org\/index.php\/2021\/10\/20\/grands-lacs-dafrique-lenvoye-de-lonu-appelle-a-consolider-les-acquis-et-sattaquer-aux-defis\/","title":{"rendered":"Grands Lacs d\u2019Afrique : l\u2019envoy\u00e9 de l\u2019ONU appelle \u00e0 consolider les acquis et s\u2019attaquer aux d\u00e9fis"},"content":{"rendered":"\n<p>Sur le front politique, Huang Xia s\u2019est f\u00e9licit\u00e9 de l\u2019\u00ab acc\u00e9l\u00e9ration des efforts d\u2019ouverture et de rapprochement avec un ensemble de gestes politiques et symboliques encourageants \u00bb qui ont port\u00e9 des fruits dans des domaines aussi divers que la s\u00e9curit\u00e9, le commerce, les infrastructures, les transports, les ressources naturelles et l\u2019\u00e9nergie.<\/p>\n\n\n\n<p>Il a cit\u00e9 en exemple les rencontres bilat\u00e9rales entre le Pr\u00e9sident de la R\u00e9publique d\u00e9mocratique du Congo (RDC) et ses homologues du Burundi, du Kenya, du Rwanda et de l\u2019Ouganda; les diff\u00e9rentes tourn\u00e9es entreprises dans la r\u00e9gion par le Pr\u00e9sident du Burundi et la Pr\u00e9sidente de la Tanzanie; ainsi que l\u2019engagement constant du Pr\u00e9sident de l\u2019Angola, pr\u00e9sident en exercice de la Conf\u00e9rence internationale sur la r\u00e9gion des Grands Lacs (CIRGL), \u00e0 soutenir les efforts de r\u00e9conciliation nationale en R\u00e9publique centrafricaine, aux c\u00f4t\u00e9s de ses pairs.<\/p>\n\n\n\n<h3 class=\"wp-block-heading\">Coop\u00e9ration s\u00e9curitaire<\/h3>\n\n\n\n<p>M. Xia a ensuite salu\u00e9 les progr\u00e8s enregistr\u00e9s en mati\u00e8re de coop\u00e9ration s\u00e9curitaire afin de venir \u00e0 bout des groupes arm\u00e9s, ces forces dites n\u00e9gatives, qui s\u00e9vissent dans l\u2019Est de la RDC.<\/p>\n\n\n\n<p>L\u2019Envoy\u00e9 sp\u00e9cial a ainsi mis en exergue le Groupe de contact et de coordination, initiative soutenue par son Bureau, qui est charg\u00e9e de coordonner la mise en \u0153uvre des mesures non militaires en compl\u00e9ment des op\u00e9rations militaires contre les forces n\u00e9gatives et qui comprend le Burundi, la RDC, l\u2019Ouganda, le Rwanda et la Tanzanie.<\/p>\n\n\n\n<p>\u00ab Concr\u00e8tement, ces mesures visent \u00e0 mettre en \u0153uvre de mani\u00e8re concert\u00e9e des incitations en vue de la reddition et du d\u00e9sarmement volontaire des forces n\u00e9gatives op\u00e9rant dans l\u2019Est de la RDC\u2026 [et] viendront en compl\u00e9ment des efforts men\u00e9s par la RDC \u00e0 travers son Programme de d\u00e9sarmement, d\u00e9mobilisation, rel\u00e8vement communautaire et stabilisation (PDDRC-S). \u00bb, a expliqu\u00e9 M. Xia.<\/p>\n\n\n\n<p>Il a annonc\u00e9 que son Bureau travaillait avec la Mission des Nations Unies en RDC (MONUSCO) et d\u2019autres entit\u00e9s \u00ab afin de d\u00e9ployer une cellule op\u00e9rationnelle \u00e0 Goma, qui sera charg\u00e9e de coordonner sur le terrain ces initiatives prometteuses \u00bb.<\/p>\n\n\n\n<h3 class=\"wp-block-heading\">En d\u00e9pit des avanc\u00e9es, des d\u00e9fis demeurent&nbsp;<\/h3>\n\n\n\n<p>La persistance de l\u2019activisme des groupes arm\u00e9s constitue toujours la principale menace \u00e0 la paix et \u00e0 la stabilit\u00e9 de la r\u00e9gion , a fait valoir l\u2019envoy\u00e9 devant les Quinze.<\/p>\n\n\n\n<p>\u00ab On constate une recrudescence d\u2019attaques men\u00e9es par les groupes arm\u00e9s, qu\u2019il s\u2019agisse des ADF dans l\u2019Est de la RDC ou celles lanc\u00e9es par les RED-Tabara contre l\u2019a\u00e9roport de Bujumbura en septembre dernier \u00bb, a cit\u00e9 en exemple M. Xia, ajoutant que \u00ab cette violence continue d\u2019avoir de graves cons\u00e9quences sur la situation humanitaire d\u00e9j\u00e0 fragile, ainsi que sur la stabilit\u00e9 socio-\u00e9conomique des zones affect\u00e9es \u00bb. &nbsp;<\/p>\n\n\n\n<p>Aussi, les forces n\u00e9gatives demeurent impliqu\u00e9es dans l\u2019exploitation et le commerce illicites des ressources naturelles dont les revenus financent leur approvisionnement en armes et leurs recrutements.&nbsp;<\/p>\n\n\n\n<p>Il a rappel\u00e9 que son Bureau, en collaboration avec la CIRGL et le gouvernement du Soudan, avait co-organis\u00e9 un atelier sur les ressources naturelles \u00e0 Khartoum, du 31 ao\u00fbt au 2 septembre dernier, pour examiner comment mettre fin a cette exploitation et qui a d\u00e9bouch\u00e9 sur 31 recommandations et une demande pour que son Bureau et le Secr\u00e9tariat ex\u00e9cutif de la CIRGL entreprennent un plaidoyer politique pour sensibiliser les pays de transit et de destination des minerais faisant l\u2019objet de contrebande \u00e0 appuyer les efforts de la r\u00e9gion.<\/p>\n\n\n\n<p>L\u2019envoy\u00e9 de l&rsquo;ONU a cit\u00e9 la pand\u00e9mie de Covid-19 au rang des d\u00e9fis pour la r\u00e9gion, d\u00e9plorant le fait que \u00ab seulement 36 millions de doses de vaccins ont \u00e9t\u00e9 administr\u00e9es \u00e0 ce jour dans une r\u00e9gion qui compte pr\u00e8s de 450 millions d\u2019habitants \u00bb.<\/p>\n\n\n\n<p>Il a signal\u00e9 que la Covid-19 avait \u00ab dans une certaine mesure \u00bb contribu\u00e9 \u00e0 l\u2019exacerbation des fragilit\u00e9s socio-\u00e9conomiques pr\u00e9existantes, affirmant qu\u2019elle avait \u00ab toutefois d\u00e9montr\u00e9 la r\u00e9silience des soci\u00e9t\u00e9s de la r\u00e9gion \u00bb.<\/p>\n\n\n\n<h3 class=\"wp-block-heading\">Une approche concert\u00e9e<\/h3>\n\n\n\n<p>\u00ab R\u00e9pondre efficacement \u00e0 ces d\u00e9fis, tout en soutenant les efforts positifs en cours, exigera une approche concert\u00e9e des \u00c9tats de la r\u00e9gion, de la soci\u00e9t\u00e9 civile, des organisations r\u00e9gionales, des partenaires internationaux et des Nations Unies \u00bb, a d\u00e9clar\u00e9 M. Xia, telle que celle pr\u00f4n\u00e9e dans le Plan d\u2019action de la Strat\u00e9gie pour la consolidation de la paix, la pr\u00e9vention et le r\u00e8glement des conflits dans la r\u00e9gion des Grands Lacs \u00e9labor\u00e9 par son Bureau en juillet dernier.<\/p>\n\n\n\n<p>\u00ab Cette approche inclusive, qui accorde aussi une place centrale \u00e0 l\u2019engagement des femmes et des jeunes, sera maintenue tout au long de la mise en \u0153uvre de ce Plan d\u2019action afin de favoriser un alignement sur les priorit\u00e9s des \u00c9tats et des peuples de la r\u00e9gion \u00bb, s\u2019est f\u00e9licit\u00e9 Huang Xia.&nbsp;<\/p>\n\n\n\n<p>\u00ab Plus que jamais, il est n\u00e9cessaire de consolider durablement ces acquis tout en s\u2019attaquant fermement aux d\u00e9fis qui persistent \u00bb, a d\u00e9clar\u00e9 enfin l\u2019Envoy\u00e9 pour les Grands lacs, ajoutant que pour ce faire il fallait tirer les le\u00e7ons du pass\u00e9 et \u00ab faire preuve d\u2019imagination pour soutenir les populations de la r\u00e9gion des Grands Lacs dans l\u2019\u00e9dification d\u2019un pr\u00e9sent et d\u2019un futur meilleur \u00bb.<\/p>\n\n\n\n<h3 class=\"wp-block-heading\">Le Conseil de s\u00e9curit\u00e9 r\u00e9affirme son appui<\/h3>\n\n\n\n<p>Suite \u00e0 l\u2019expos\u00e9 de M. Xia, le Conseil de s\u00e9curit\u00e9 a r\u00e9affirm\u00e9 mercredi son plein soutien \u00e0 l\u2019Envoy\u00e9 sp\u00e9cial dans l\u2019ex\u00e9cution de son mandat \u00ab consistant \u00e0 rem\u00e9dier aux derniers probl\u00e8mes faisant obstacle \u00e0 l\u2019application de l\u2019Accord-cadre et \u00e0 promouvoir la paix et la stabilit\u00e9 dans la r\u00e9gion \u00bb.<\/p>\n\n\n\n<p>Les Quinze se sont notamment \u00e0 nouveau d\u00e9clar\u00e9 \u00ab tr\u00e8s pr\u00e9occup\u00e9s par la crise humanitaire qui s\u2019est d\u00e9clar\u00e9e dans l\u2019est de la R\u00e9publique d\u00e9mocratique du Congo, exacerb\u00e9e par une ins\u00e9curit\u00e9 g\u00e9n\u00e9ralis\u00e9e, notamment les activit\u00e9s d\u00e9stabilisatrices de groupes arm\u00e9s \u00e9trangers et nationaux et une nouvelle intensification des attaques men\u00e9es par les Forces d\u00e9mocratiques alli\u00e9es \u00bb.<\/p>\n\n\n\n<p>Ils ont insist\u00e9 sur la n\u00e9cessit\u00e9 d\u2019\u00e9carter durablement les menaces \u00e9manant de tous les groupes arm\u00e9s op\u00e9rant dans l\u2019est de la RDC. Ils ont demand\u00e9 instamment \u00e0 tous ces groupes \u00ab de cesser imm\u00e9diatement toutes formes de violence \u00bb et ont pr\u00e9conis\u00e9 leur dissolution imm\u00e9diate et permanente et la remise des armes, ainsi que le r\u00e9tablissement de l\u2019autorit\u00e9 de l\u2019\u00c9tat dans l\u2019est de la RDC.<\/p>\n\n\n\n<p><a href=\"https:\/\/news.un.org\/fr\/story\/2021\/10\/1106712\">https:\/\/news.un.org\/fr\/story\/2021\/10\/1106712<\/a><\/p>\n","protected":false},"excerpt":{"rendered":"<p>La r\u00e9gion des Grands Lacs d&rsquo;Afrique se situe \u00e0 la crois\u00e9e des chemins et il est plus que jamais n\u00e9cessaire de consolider ses progr\u00e8s ainsi que de s\u2019attaquer fermement aux d\u00e9fis qui persistent, a d\u00e9clar\u00e9 mercredi devant le Conseil de s\u00e9curit\u00e9 l\u2019Envoy\u00e9 sp\u00e9cial des Nations Unies pour cette r\u00e9gion.<\/p>\n","protected":false},"author":1,"featured_media":4935,"comment_status":"open","ping_status":"open","sticky":false,"template":"","format":"standard","meta":{"footnotes":""},"categories":[16],"tags":[],"class_list":{"0":"post-4934","1":"post","2":"type-post","3":"status-publish","4":"format-standard","5":"has-post-thumbnail","7":"category-organisations-internationales"},"_links":{"self":[{"href":"https:\/\/placedesnations.org\/index.php\/wp-json\/wp\/v2\/posts\/4934","targetHints":{"allow":["GET"]}}],"collection":[{"href":"https:\/\/placedesnations.org\/index.php\/wp-json\/wp\/v2\/posts"}],"about":[{"href":"https:\/\/placedesnations.org\/index.php\/wp-json\/wp\/v2\/types\/post"}],"author":[{"embeddable":true,"href":"https:\/\/placedesnations.org\/index.php\/wp-json\/wp\/v2\/users\/1"}],"replies":[{"embeddable":true,"href":"https:\/\/placedesnations.org\/index.php\/wp-json\/wp\/v2\/comments?post=4934"}],"version-history":[{"count":1,"href":"https:\/\/placedesnations.org\/index.php\/wp-json\/wp\/v2\/posts\/4934\/revisions"}],"predecessor-version":[{"id":4936,"href":"https:\/\/placedesnations.org\/index.php\/wp-json\/wp\/v2\/posts\/4934\/revisions\/4936"}],"wp:featuredmedia":[{"embeddable":true,"href":"https:\/\/placedesnations.org\/index.php\/wp-json\/wp\/v2\/media\/4935"}],"wp:attachment":[{"href":"https:\/\/placedesnations.org\/index.php\/wp-json\/wp\/v2\/media?parent=4934"}],"wp:term":[{"taxonomy":"category","embeddable":true,"href":"https:\/\/placedesnations.org\/index.php\/wp-json\/wp\/v2\/categories?post=4934"},{"taxonomy":"post_tag","embeddable":true,"href":"https:\/\/placedesnations.org\/index.php\/wp-json\/wp\/v2\/tags?post=4934"}],"curies":[{"name":"wp","href":"https:\/\/api.w.org\/{rel}","templated":true}]}}