{"id":5149,"date":"2021-11-10T10:08:00","date_gmt":"2021-11-10T10:08:00","guid":{"rendered":"https:\/\/placedesnations.org\/?p=5149"},"modified":"2021-11-14T10:10:34","modified_gmt":"2021-11-14T10:10:34","slug":"en-afghanistan-les-salaires-des-travailleurs-de-sante-sont-un-message-despoir-pour-des-millions-de-personnes","status":"publish","type":"post","link":"https:\/\/placedesnations.org\/index.php\/2021\/11\/10\/en-afghanistan-les-salaires-des-travailleurs-de-sante-sont-un-message-despoir-pour-des-millions-de-personnes\/","title":{"rendered":"En Afghanistan, les salaires des travailleurs de sant\u00e9 sont un message d&rsquo;espoir pour des millions de personnes"},"content":{"rendered":"\n<p>La quasi-totalit\u00e9 de l&rsquo;aide internationale s&rsquo;est arr\u00eat\u00e9e et il semblait certain que pour les agents de sant\u00e9 travaillant dans des structures vitales \u00e0 travers le pays en crise et pour les millions de personnes qu&rsquo;ils servent, les choses ne feraient qu&#8217;empirer.<\/p>\n\n\n\n<p>Mais ensuite, comme l&rsquo;a rappel\u00e9 une sage-femme* dans un t\u00e9moignage exclusif \u00e0 ONU Info, le soutien a commenc\u00e9 \u00e0 arriver, gr\u00e2ce \u00e0 un nouvel accord r\u00e9volutionnaire men\u00e9 par l&rsquo;agence de d\u00e9veloppement des Nations Unies.<\/p>\n\n\n\n<h3 class=\"wp-block-heading\">Une bou\u00e9e de sauvetage pour les familles<\/h3>\n\n\n\n<p>Au cours des derni\u00e8res semaines, le Programme des Nations Unies pour le d\u00e9veloppement (<a href=\"https:\/\/www.undp.org\/content\/undp\/fr\/home.html\" target=\"_blank\" rel=\"noreferrer noopener\">PNUD<\/a>), dans le cadre d&rsquo;un accord avec le Fonds mondial, a discr\u00e8tement tendu une bou\u00e9e de sauvetage au syst\u00e8me de sant\u00e9 afghan et \u00e0 toutes les familles qui en d\u00e9pendent, en fournissant 15 millions de dollars pour \u00e9viter l&rsquo;effondrement du secteur.<\/p>\n\n\n\n<p>\u00ab Nous avons pu sauver la vie des patients les plus critiques et nous avons pu soutenir les services d&rsquo;hospitalisation, pour plus de 500 femmes et enfants \u00bb, a d\u00e9clar\u00e9 la sage-femme.&nbsp;<\/p>\n\n\n\n<p>Avec le passage d\u2019un automne chaud \u00e0 un hiver glacial, elle a utilis\u00e9 une partie du salaire qu&rsquo;elle avait enfin commenc\u00e9 \u00e0 recevoir pour acheter des couvertures et d&rsquo;autres mat\u00e9riaux pour assurer la s\u00e9curit\u00e9 de sa famille.&nbsp;<\/p>\n\n\n\n<p>Cette sage-femme est l&rsquo;un des 23.000 agents de sant\u00e9, r\u00e9partis dans pr\u00e8s de 2.200 \u00e9tablissements de sant\u00e9 dans 31 provinces, qui ont re\u00e7u un salaire depuis le lancement du programme. Le PNUD a \u00e9galement pay\u00e9 les m\u00e9dicaments et les fournitures m\u00e9dicales.<\/p>\n\n\n\n<p>\u00ab Le PNUD a entrepris cet \u00e9norme d\u00e9fi pour aider \u00e0 pr\u00e9venir l&rsquo;effondrement total du syst\u00e8me de sant\u00e9 \u00bb, a d\u00e9clar\u00e9 la Repr\u00e9sentante r\u00e9sidente adjointe en Afghanistan, Surayo Buzurukova, \u00e0 ONU Info.<\/p>\n\n\n\n<p>\u00ab Bien s\u00fbr, cela ne r\u00e9sout pas tous les probl\u00e8mes ; nous apportons une solution temporaire. Mais cela aide \u00bb, a-t-elle expliqu\u00e9 ajoutant : \u00ab Nous envoyons un message d&rsquo;espoir au peuple afghan pour lui montrer que tout n&rsquo;est pas perdu, qu&rsquo;il n&rsquo;a pas \u00e9t\u00e9 oubli\u00e9 \u00bb.<img decoding=\"async\" src=\"https:\/\/global.unitednations.entermediadb.net\/assets\/mediadb\/services\/module\/asset\/downloads\/preset\/Libraries\/Production+Library\/28-10-2021-UNFPA-Afghanistan-01.jpg\/image1170x530cropped.jpg\" alt=\"Une sage-femme dans une maison de sant\u00e9 familiale \u00e0 Daikundi, en Afghanistan, prodigue des soins \u00e0 un b\u00e9b\u00e9 (photo d'archives).\" width=\"100%\" height=\"\">\u00a9 UNFPA AfghanistanUne sage-femme dans une maison de sant\u00e9 familiale \u00e0 Daikundi, en Afghanistan, prodigue des soins \u00e0 un b\u00e9b\u00e9 (photo d&rsquo;archives).<\/p>\n\n\n\n<h3 class=\"wp-block-heading\">Une logistique complexe<\/h3>\n\n\n\n<p>Selon le PNUD, il s&rsquo;agit d&rsquo;une aide financi\u00e8re importante pour le secteur de la sant\u00e9. Avant sa mise \u00e0 disposition, moins de 20 % de ces \u00e9tablissements de sant\u00e9 \u00e9taient pleinement fonctionnels.<\/p>\n\n\n\n<p>Mme Buzurukova a expliqu\u00e9 que tous les travailleurs de la sant\u00e9 qui ont re\u00e7u des salaires ont \u00e9t\u00e9 identifi\u00e9s par un groupe de 16 organisations de la soci\u00e9t\u00e9 civile qui contribuent \u00e0 un projet de la&nbsp;<a href=\"https:\/\/www.banquemondiale.org\/\" target=\"_blank\" rel=\"noreferrer noopener\">Banque mondiale<\/a>, connu sous le nom de Sehatmandi.&nbsp;<\/p>\n\n\n\n<p>Pour surmonter les obstacles pr\u00e9sent\u00e9s par la p\u00e9nurie de liquidit\u00e9s dans le syst\u00e8me bancaire afghan, l&rsquo;agence a d\u00fb combiner plusieurs instruments de transfert de fonds.<\/p>\n\n\n\n<p>Plus de 90 % des travailleurs ont re\u00e7u leur salaire directement sur leur compte bancaire. Ceux qui n&rsquo;avaient pas de compte bancaire, souvent situ\u00e9s dans des zones recul\u00e9es, ont re\u00e7u le paiement en esp\u00e8ces.&nbsp;<\/p>\n\n\n\n<p>\u00ab Les agents de sant\u00e9 restants, nous parlons d&rsquo;environ 25.000 personnes au total, recevront leur salaire d&rsquo;ici jeudi \u00bb, a d\u00e9clar\u00e9 la Repr\u00e9sentante adjointe \u00e0 ONU Info.<\/p>\n\n\n\n<h3 class=\"wp-block-heading\">Poursuivre le travail<\/h3>\n\n\n\n<p>Des millions d&rsquo;Afghans vuln\u00e9rables risquent toujours de ne plus avoir acc\u00e8s aux soins de sant\u00e9 primaires, et l&rsquo;agence esp\u00e8re que d&rsquo;autres fournisseurs d&rsquo;aide se joindront \u00e9galement \u00e0 cette nouvelle approche innovante pour maintenir les soins de sant\u00e9 op\u00e9rationnels dans ce pays en crise.<\/p>\n\n\n\n<p>Mme Buzurukova nous a dit que l&rsquo;agence \u00e9tait en \u00ab communication tr\u00e8s \u00e9troite \u00bb avec l&rsquo;Organisation mondiale de la sant\u00e9 (<a href=\"https:\/\/www.who.int\/fr\" target=\"_blank\" rel=\"noreferrer noopener\">OMS<\/a>) et le Fonds des Nations Unies pour l&rsquo;enfance (<a href=\"https:\/\/www.unicef.org\/fr\" target=\"_blank\" rel=\"noreferrer noopener\">UNICEF<\/a>).<\/p>\n\n\n\n<p>\u00ab Ils vont continuer \u00e0 effectuer les paiements. Nous partageons les meilleures pratiques, nous partageons \u00e9galement toutes les le\u00e7ons apprises \u00bb, a-t-elle d\u00e9clar\u00e9.&nbsp;<\/p>\n\n\n\n<p>Les salaires mensuels des agents de sant\u00e9 afghans vont de 150 dollars pour les techniciens, les vaccinateurs, les employ\u00e9s administratifs ou les infirmiers, \u00e0 environ 700 dollars pour les m\u00e9decins ou chirurgiens sp\u00e9cialis\u00e9s.<\/p>\n\n\n\n<p>Avec environ 800.000 fonctionnaires non pay\u00e9s pendant des mois, le projet ouvre \u00e9galement la porte \u00e0 l&rsquo;aide d&rsquo;autres groupes dont le travail est essentiel au bon fonctionnement du pays, comme les juges et les enseignants.&nbsp;<\/p>\n\n\n\n<h3 class=\"wp-block-heading\">Une solution<\/h3>\n\n\n\n<p>L&rsquo;arr\u00eat brutal des financements \u00e9trangers menace l&rsquo;ensemble de l&rsquo;\u00e9conomie. Aussi, de nombreuses organisations internationales et les \u00c9tats qui fournissent de l&rsquo;aide restent r\u00e9ticents \u00e0 travailler avec les autorit\u00e9s talibanes.<\/p>\n\n\n\n<p>En octobre dernier, le Secr\u00e9taire g\u00e9n\u00e9ral des Nations Unies a exhort\u00e9 la communaut\u00e9 internationale \u00e0 \u00ab trouver des moyens de faire respirer \u00e0 nouveau l&rsquo;\u00e9conomie \u00bb.&nbsp;<a href=\"https:\/\/www.un.org\/sg\/fr\/content\/sg\/biography\" target=\"_blank\" rel=\"noreferrer noopener\">Ant\u00f3nio Guterres<\/a>&nbsp;estime que cela peut se faire \u00ab sans violer les lois internationales ni compromettre les principes \u00bb.<\/p>\n\n\n\n<p>\u00ab Nous devons chercher des moyens de cr\u00e9er les conditions qui permettraient aux professionnels et aux fonctionnaires afghans de continuer \u00e0 travailler au service de la population afghane \u00bb, a-t-il d\u00e9clar\u00e9.&nbsp;<\/p>\n\n\n\n<p>Maintenant, l&rsquo;initiative du PNUD offre une solution possible, bien que temporaire, a d\u00e9clar\u00e9 Mme Buzurukova.&nbsp;<\/p>\n\n\n\n<p>\u00ab Nous ne sommes pas en contact avec les autorit\u00e9s de facto, qui ne sont pas reconnues par la communaut\u00e9 internationale. Nous voulons aider directement les m\u00e9decins et les infirmi\u00e8res, qui s&rsquo;occupent des gens, et les soutenir \u00bb, a-t-elle expliqu\u00e9.<img decoding=\"async\" src=\"https:\/\/global.unitednations.entermediadb.net\/assets\/mediadb\/services\/module\/asset\/downloads\/preset\/Libraries\/Production+Library\/18-10-2021_UNI309852_Afghanistan.jpg\/image1170x530cropped.jpg\" alt=\"Une enfant est vaccin\u00e9e contre la polio, \u00e0 Kandahar, dans le sud de l'Afghanistan (Archives).\" width=\"100%\" height=\"\">UNICEF\/Frank DejonghUne enfant est vaccin\u00e9e contre la polio, \u00e0 Kandahar, dans le sud de l&rsquo;Afghanistan (Archives).<\/p>\n\n\n\n<h3 class=\"wp-block-heading\">Un nouveau lendemain<\/h3>\n\n\n\n<p>La Repr\u00e9sentante adjointe est r\u00e9cemment rentr\u00e9e de Mazar-i-Shar\u012bf, la quatri\u00e8me ville d&rsquo;Afghanistan, o\u00f9 elle a visit\u00e9 un h\u00f4pital pour constater d\u2019elle-m\u00eame l&rsquo;impact de la nouvelle initiative. Elle a \u00e9t\u00e9 particuli\u00e8rement int\u00e9ress\u00e9e par les discussions avec les femmes qui travaillent.&nbsp;<\/p>\n\n\n\n<p>\u00ab C&rsquo;\u00e9tait vraiment bien de voir que les femmes continuent \u00e0 exercer leur m\u00e9tier \u00bb, a-t-elle d\u00e9clar\u00e9.<\/p>\n\n\n\n<p>Les droits des femmes sont l&rsquo;un des principaux sujets de pr\u00e9occupation des Nations Unies depuis la prise du pouvoir par les Talibans, mais Mme Buzurukova garde espoir pour l&rsquo;avenir. &nbsp;<\/p>\n\n\n\n<p>La visite \u00e0 Mazar-i-Shar\u012bf faisait partie d&rsquo;une s\u00e9rie de voyages qu&rsquo;elle a effectu\u00e9s depuis le 15 ao\u00fbt. Elle a d\u00e9crit avoir parl\u00e9 aux gens dans les rues, \u00eatre entr\u00e9e dans les maisons des gens, avoir rencontr\u00e9 des familles, des jeunes et des citoyens plus \u00e2g\u00e9s.<\/p>\n\n\n\n<p>\u00ab J&rsquo;ai \u00e9t\u00e9 absolument impressionn\u00e9e par la force qu&rsquo;ils ont \u00bb, a-t-elle rappel\u00e9. \u00ab Il y a une foi en l&rsquo;avenir, qu&rsquo;ils vont surmonter [les d\u00e9fis] ; que demain viendra, peut-\u00eatre pas bient\u00f4t, mais il viendra \u00bb.<\/p>\n\n\n\n<h3 class=\"wp-block-heading\">Crise humanitaire&nbsp;<\/h3>\n\n\n\n<p>Quarante ans de guerre, des catastrophes naturelles r\u00e9currentes, une pauvret\u00e9 chronique, la s\u00e9cheresse et la pand\u00e9mie de Covid-19, ont d\u00e9vast\u00e9 le peuple afghan.<\/p>\n\n\n\n<p>La r\u00e9cente escalade du conflit et les bouleversements qui en ont r\u00e9sult\u00e9 n&rsquo;ont fait qu&rsquo;exacerber les besoins et compliquer davantage un contexte extr\u00eamement difficile.<\/p>\n\n\n\n<p>Avant m\u00eame le 15 ao\u00fbt, la situation humanitaire \u00e9tait l&rsquo;une des pires au monde.&nbsp;<\/p>\n\n\n\n<p>A mi-parcours de cette ann\u00e9e, pr\u00e8s de la moiti\u00e9 de la population, soit quelque 18,4 millions de personnes, avait d\u00e9j\u00e0 besoin d&rsquo;une aide humanitaire et d&rsquo;une protection.<\/p>\n\n\n\n<p>Un Afghan sur trois \u00e9tait confront\u00e9 \u00e0 des niveaux d&rsquo;ins\u00e9curit\u00e9 alimentaire de crise ou d&rsquo;urgence et plus de la moiti\u00e9 des enfants de moins de cinq ans souffraient de malnutrition aigu\u00eb.<\/p>\n\n\n\n<p>Les risques pour la protection et la s\u00e9curit\u00e9 des civils, en particulier des femmes, des enfants et des personnes handicap\u00e9es, atteignent \u00e9galement des sommets.<\/p>\n\n\n\n<p>L&rsquo;<a href=\"https:\/\/www.humanitarianresponse.info\/sites\/www.humanitarianresponse.info\/files\/documents\/files\/afg_flash_appeal_2021.pdf\">appel de fonds<\/a>&nbsp;lanc\u00e9 en septembre par le Secr\u00e9taire g\u00e9n\u00e9ral, demandant 606 millions de dollars pour \u00e9viter une famine et des maladies imminentes, n&rsquo;est jusqu&rsquo;\u00e0 pr\u00e9sent financ\u00e9 qu&rsquo;\u00e0 54%<\/p>\n\n\n\n<p><em>*Les noms des travailleurs ne sont pas divulgu\u00e9s, pour des raisons de s\u00e9curit\u00e9.<\/em><\/p>\n\n\n\n<p><a href=\"https:\/\/news.un.org\/fr\/story\/2021\/11\/1108232\">https:\/\/news.un.org\/fr\/story\/2021\/11\/1108232<\/a><\/p>\n","protected":false},"excerpt":{"rendered":"<p>Lorsque les Talibans ont pris le contr\u00f4le de l&rsquo;Afghanistan \u00e0 la mi-ao\u00fbt, \u00e0 l&rsquo;h\u00f4pital principal de Maidan Shar, une ville de 35.000 habitants situ\u00e9e dans le centre du pays, la plupart du personnel n&rsquo;avait pas \u00e9t\u00e9 pay\u00e9 depuis des mois. Les fournitures essentielles telles que les m\u00e9dicaments et la nourriture \u00e9taient rares et disparaissaient rapidement.<\/p>\n","protected":false},"author":1,"featured_media":5150,"comment_status":"open","ping_status":"open","sticky":false,"template":"","format":"standard","meta":{"footnotes":""},"categories":[22],"tags":[],"class_list":{"0":"post-5149","1":"post","2":"type-post","3":"status-publish","4":"format-standard","5":"has-post-thumbnail","7":"category-analyse"},"_links":{"self":[{"href":"https:\/\/placedesnations.org\/index.php\/wp-json\/wp\/v2\/posts\/5149","targetHints":{"allow":["GET"]}}],"collection":[{"href":"https:\/\/placedesnations.org\/index.php\/wp-json\/wp\/v2\/posts"}],"about":[{"href":"https:\/\/placedesnations.org\/index.php\/wp-json\/wp\/v2\/types\/post"}],"author":[{"embeddable":true,"href":"https:\/\/placedesnations.org\/index.php\/wp-json\/wp\/v2\/users\/1"}],"replies":[{"embeddable":true,"href":"https:\/\/placedesnations.org\/index.php\/wp-json\/wp\/v2\/comments?post=5149"}],"version-history":[{"count":1,"href":"https:\/\/placedesnations.org\/index.php\/wp-json\/wp\/v2\/posts\/5149\/revisions"}],"predecessor-version":[{"id":5151,"href":"https:\/\/placedesnations.org\/index.php\/wp-json\/wp\/v2\/posts\/5149\/revisions\/5151"}],"wp:featuredmedia":[{"embeddable":true,"href":"https:\/\/placedesnations.org\/index.php\/wp-json\/wp\/v2\/media\/5150"}],"wp:attachment":[{"href":"https:\/\/placedesnations.org\/index.php\/wp-json\/wp\/v2\/media?parent=5149"}],"wp:term":[{"taxonomy":"category","embeddable":true,"href":"https:\/\/placedesnations.org\/index.php\/wp-json\/wp\/v2\/categories?post=5149"},{"taxonomy":"post_tag","embeddable":true,"href":"https:\/\/placedesnations.org\/index.php\/wp-json\/wp\/v2\/tags?post=5149"}],"curies":[{"name":"wp","href":"https:\/\/api.w.org\/{rel}","templated":true}]}}