{"id":5983,"date":"2022-04-07T12:42:00","date_gmt":"2022-04-07T12:42:00","guid":{"rendered":"https:\/\/placedesnations.org\/?p=5983"},"modified":"2022-06-21T13:09:00","modified_gmt":"2022-06-21T13:09:00","slug":"le-president-felix-tshisekedi-est-arrive-a-nairobi","status":"publish","type":"post","link":"https:\/\/placedesnations.org\/index.php\/2022\/04\/07\/le-president-felix-tshisekedi-est-arrive-a-nairobi\/","title":{"rendered":"LE PR\u00c9SIDENT F\u00c9LIX TSHISEKEDI EST ARRIV\u00c9 \u00c0 NAIROBI"},"content":{"rendered":"\r\n<p>\u00ab\u00a0Heureux de fouler le sol africain du Kenya ce Jeudi 7 Avril 2022, dans la soir\u00e9e, une fois de plus, consolider les relations fraternelles entre le Peuple kenyan et congolais, d\u00e9sormais li\u00e9s \u00e0 jamais par le Trait\u00e9 de la Communaut\u00e9 de l&rsquo;Afrique de l&rsquo;Est dont je signerai dans quelques heures, le Vendredi 8 Avril 2022, l&rsquo;adh\u00e9sion de mon pays, la R\u00e9publique D\u00e9mocratique du Congo.<br \/>Merci beaucoup \u00e0 mon fr\u00e8re , le Pr\u00e9sident Uhuru Kenyatta de la R\u00e9publique s\u0153ur du Kenya pour l&rsquo;accueil toujours chaleureux et son engagement en faveur de la coop\u00e9ration solide entre nos deux pays\u00a0\u00bb<\/p>\r\n\r\n\r\n\r\n<figure class=\"wp-block-image size-full\"><img loading=\"lazy\" decoding=\"async\" width=\"1000\" height=\"667\" class=\"wp-image-6001\" src=\"http:\/\/placedesnations.org\/wp-content\/uploads\/2022\/06\/WhatsApp-Image-2022-04-08-at-02.16.02.jpeg\" alt=\"\" srcset=\"https:\/\/placedesnations.org\/wp-content\/uploads\/2022\/06\/WhatsApp-Image-2022-04-08-at-02.16.02.jpeg 1000w, https:\/\/placedesnations.org\/wp-content\/uploads\/2022\/06\/WhatsApp-Image-2022-04-08-at-02.16.02-300x200.jpeg 300w, https:\/\/placedesnations.org\/wp-content\/uploads\/2022\/06\/WhatsApp-Image-2022-04-08-at-02.16.02-768x512.jpeg 768w\" sizes=\"auto, (max-width: 1000px) 100vw, 1000px\" \/><\/figure>\r\n\r\n\r\n\r\n<p>Ce sont les mots couch\u00e9s dans le livre d&rsquo;or du salon pr\u00e9sidentielle de l&rsquo;a\u00e9roport Jomo Kenyatta par le Chef de l\u2019Etat congolais, F\u00e9lix Antoine Tshisekedi Tshilombo \u00e0 son arriv\u00e9e.<\/p>\r\n\r\n\r\n\r\n<figure class=\"wp-block-image size-full\"><img loading=\"lazy\" decoding=\"async\" width=\"1000\" height=\"667\" class=\"wp-image-6002\" src=\"http:\/\/placedesnations.org\/wp-content\/uploads\/2022\/06\/WhatsApp-Image-2022-04-08-at-02.16.02-1.jpeg\" alt=\"\" srcset=\"https:\/\/placedesnations.org\/wp-content\/uploads\/2022\/06\/WhatsApp-Image-2022-04-08-at-02.16.02-1.jpeg 1000w, https:\/\/placedesnations.org\/wp-content\/uploads\/2022\/06\/WhatsApp-Image-2022-04-08-at-02.16.02-1-300x200.jpeg 300w, https:\/\/placedesnations.org\/wp-content\/uploads\/2022\/06\/WhatsApp-Image-2022-04-08-at-02.16.02-1-768x512.jpeg 768w\" sizes=\"auto, (max-width: 1000px) 100vw, 1000px\" \/><\/figure>\r\n\r\n\r\n\r\n<p>\u00c0 sa descente de l&rsquo;avion, il a \u00e9t\u00e9 accueilli par l&rsquo;ambassadrice Raychelle Omamo, la ministre des Affaires \u00c9trang\u00e8res du Kenya et du c\u00f4t\u00e9 congolais par le VPM Christophe Lutundula.<\/p>\r\n\r\n\r\n\r\n<figure class=\"wp-block-video\"><video src=\"http:\/\/placedesnations.org\/wp-content\/uploads\/2022\/06\/WhatsApp-Video-2022-04-08-at-13.30.57.mp4\" controls=\"controls\" width=\"300\" height=\"150\"><\/video><\/figure>\r\n\r\n\r\n\r\n<p><strong>Cellcom\/ Pr\u00e9sidence 7 Avril 2022<\/strong><\/p>\r\n","protected":false},"excerpt":{"rendered":"<p>Le Pr\u00e9sident F\u00e9lix Tshisekedi vient pour une visite de 48h au cours de laquelle plusieurs activit\u00e9s sont pr\u00e9vues, notamment la signature du Trait\u00e9 d&rsquo;adh\u00e9sion \u00e0 la Communaut\u00e9 de l&rsquo;Afrique de l&rsquo;Est.<\/p>\n","protected":false},"author":1,"featured_media":6000,"comment_status":"open","ping_status":"open","sticky":false,"template":"","format":"standard","meta":{"footnotes":""},"categories":[15],"tags":[60,61],"class_list":{"0":"post-5983","1":"post","2":"type-post","3":"status-publish","4":"format-standard","5":"has-post-thumbnail","7":"category-cellcom","8":"tag-cellcom","9":"tag-rdc"},"_links":{"self":[{"href":"https:\/\/placedesnations.org\/index.php\/wp-json\/wp\/v2\/posts\/5983","targetHints":{"allow":["GET"]}}],"collection":[{"href":"https:\/\/placedesnations.org\/index.php\/wp-json\/wp\/v2\/posts"}],"about":[{"href":"https:\/\/placedesnations.org\/index.php\/wp-json\/wp\/v2\/types\/post"}],"author":[{"embeddable":true,"href":"https:\/\/placedesnations.org\/index.php\/wp-json\/wp\/v2\/users\/1"}],"replies":[{"embeddable":true,"href":"https:\/\/placedesnations.org\/index.php\/wp-json\/wp\/v2\/comments?post=5983"}],"version-history":[{"count":4,"href":"https:\/\/placedesnations.org\/index.php\/wp-json\/wp\/v2\/posts\/5983\/revisions"}],"predecessor-version":[{"id":6410,"href":"https:\/\/placedesnations.org\/index.php\/wp-json\/wp\/v2\/posts\/5983\/revisions\/6410"}],"wp:featuredmedia":[{"embeddable":true,"href":"https:\/\/placedesnations.org\/index.php\/wp-json\/wp\/v2\/media\/6000"}],"wp:attachment":[{"href":"https:\/\/placedesnations.org\/index.php\/wp-json\/wp\/v2\/media?parent=5983"}],"wp:term":[{"taxonomy":"category","embeddable":true,"href":"https:\/\/placedesnations.org\/index.php\/wp-json\/wp\/v2\/categories?post=5983"},{"taxonomy":"post_tag","embeddable":true,"href":"https:\/\/placedesnations.org\/index.php\/wp-json\/wp\/v2\/tags?post=5983"}],"curies":[{"name":"wp","href":"https:\/\/api.w.org\/{rel}","templated":true}]}}