{"id":7115,"date":"2022-06-15T21:44:00","date_gmt":"2022-06-15T21:44:00","guid":{"rendered":"https:\/\/placedesnations.org\/?p=7115"},"modified":"2022-06-25T21:56:46","modified_gmt":"2022-06-25T21:56:46","slug":"guerre-en-ukraine-lonu-sinquiete-des-allegations-sur-ladoption-denfants-ukrainiens-en-russie","status":"publish","type":"post","link":"https:\/\/placedesnations.org\/index.php\/2022\/06\/15\/guerre-en-ukraine-lonu-sinquiete-des-allegations-sur-ladoption-denfants-ukrainiens-en-russie\/","title":{"rendered":"Guerre en Ukraine : l\u2019ONU s\u2019inqui\u00e8te des all\u00e9gations sur l\u2019adoption d\u2019enfants ukrainiens en Russie\u00a0"},"content":{"rendered":"\n<p>Des enqu\u00eateurs de l\u2019ONU se sont inqui\u00e9t\u00e9s, mercredi, du risque d\u2019adoption forc\u00e9e d\u2019enfants ukrainiens, notamment ceux vivant dans des institutions ou internats pour beaucoup localis\u00e9s dans l\u2019est du pays, sans \u00eatre forc\u00e9ment orphelins et dont la moiti\u00e9 sont handicap\u00e9s.<\/p>\n\n\n\n<p>\u00ab La Commission d\u2019enqu\u00eate sur l\u2019Ukraine consid\u00e8re qu\u2019il est n\u00e9cessaire d\u2019enqu\u00eater davantage sur les rapports concernant le transfert pr\u00e9sum\u00e9 d\u2019enfants plac\u00e9s dans des institutions dans les territoires temporairement occup\u00e9s par la F\u00e9d\u00e9ration de Russie \u00bb, a d\u00e9clar\u00e9 lors d\u2019une conf\u00e9rence de presse virtuelle depuis Ky\u00efv, Jasminka D\u017eumhur, un des trois enqu\u00eateurs nomm\u00e9s par le Conseil des droits de l\u2019homme de l\u2019ONU.&nbsp;<\/p>\n\n\n\n<p>Il s\u2019agit surtout d\u2019avoir des informations concernant \u00ab les processus acc\u00e9l\u00e9r\u00e9s de citoyennet\u00e9 et d\u2019adoption pour certains de ces enfants. En Ukraine, de nombreux enfants d\u00e9plac\u00e9s ont \u00e9t\u00e9 s\u00e9par\u00e9s de leur famille \u00bb, a-t-il ajout\u00e9, relevant les inqui\u00e9tudes de la Commission sur l\u2019impact de la guerre sur les enfants.&nbsp;<img decoding=\"async\" src=\"https:\/\/global.unitednations.entermediadb.net\/assets\/mediadb\/services\/module\/asset\/downloads\/preset\/Libraries\/Production+Library\/19-04-2022_UNICEF_Ukraine-2.jpg\/image1170x530cropped.jpg\" alt=\"Un enfant qui a fui de Marioupol, en Ukraine.\" width=\"100%\" height=\"\"><\/p>\n\n\n\n<p><sub>\u00a9 UNICEF\/Olena Hrom|Un enfant qui a fui de Marioupol, en Ukraine.<\/sub><\/p>\n\n\n\n<h2 class=\"wp-block-heading\">Des d\u00e9placements d\u2019enfants pas op\u00e9r\u00e9s dans le cadre d\u2019un regroupement familial<\/h2>\n\n\n\n<p>De son c\u00f4t\u00e9, la Cheffe des droits de l\u2019homme de l\u2019ONU a indiqu\u00e9, ce mercredi \u00e0 Gen\u00e8ve, examiner ces \u00ab all\u00e9gations \u00bb sur \u00ab des enfants qui ont \u00e9t\u00e9 amen\u00e9s de force de l\u2019Ukraine vers la Russie, y compris des enfants enlev\u00e9s dans des orphelinats et propos\u00e9s \u00e0 l\u2019adoption en Russie \u00bb.<\/p>\n\n\n\n<p>\u00ab Le Haut-Commissariat ne peut pas encore confirmer ces all\u00e9gations, et pas plus que le nombre d\u2019enfants qui seraient dans cette situation \u00bb, a dit la Haute-Commissaire Michelle Bachelet lors d\u2019un d\u00e9bat au Conseil des droits de l\u2019homme de l\u2019ONU.&nbsp;<\/p>\n\n\n\n<p>Mme Bachelet s\u2019est notamment pr\u00e9occup\u00e9e par ces informations indiquant que \u00ab les autorit\u00e9s russes pr\u00e9voient de permettre des d\u00e9placements d\u2019enfants d\u2019Ukraine vers des familles en Russie \u00bb. Selon l\u2019ONU, cela ne semble pas rentrer dans le cadre de \u00ab regroupements familiaux \u00bb ou m\u00eame \u00ab respecter l\u2019int\u00e9r\u00eat de l\u2019enfant \u00bb.<\/p>\n\n\n\n<p>Lors de la conf\u00e9rence de presse, le Pr\u00e9sident de la Commission d\u2019enqu\u00eate sur l\u2019Ukraine est revenu sur la trag\u00e9die de Boutcha. \u00ab \u00c0 Boutcha et Irpin, la Commission a re\u00e7u des informations concernant des meurtres arbitraires de civils, la destruction et le pillage de biens, ainsi que des attaques contre des infrastructures civiles, notamment des \u00e9coles \u00bb, a affirm\u00e9 Erik M\u00f8se, Pr\u00e9sident de la Commission d\u2019enqu\u00eate.<img decoding=\"async\" src=\"https:\/\/global.unitednations.entermediadb.net\/assets\/mediadb\/services\/module\/asset\/downloads\/preset\/Collections\/UNHCR\/Embargoed+2\/25-05-2022_UNICEF_Ukraine.jpg\/image1170x530cropped.jpg\" alt=\"Un gar\u00e7on passe devant des maisons d\u00e9truites pr\u00e8s de chez lui \u00e0 Novoselivka, \u00e0 la p\u00e9riph\u00e9rie de Chernihiv en Ukraine.\" width=\"100%\" height=\"\"><\/p>\n\n\n\n<p><sub>\u00a9 UNICEF\/Ashley Gilbertson|Un gar\u00e7on passe devant des maisons d\u00e9truites pr\u00e8s de chez lui \u00e0 Novoselivka, \u00e0 la p\u00e9riph\u00e9rie de Chernihiv en Ukraine.<\/sub><\/p>\n\n\n\n<h2 class=\"wp-block-heading\">Des \u00ab crimes de guerre et des crimes contre l\u2019humanit\u00e9 \u00bb commises \u00e0 Kharkiv et Soumy<\/h2>\n\n\n\n<p>Dans la r\u00e9gion de Kharkiv et de Soumy, les enqu\u00eateurs ont observ\u00e9 la destruction de vastes zones urbaines, qui serait \u00ab la cons\u00e9quence de bombardements a\u00e9riens, de bombardements ou de frappes de missiles contre des cibles civiles \u00bb, a-t-il ajout\u00e9, au terme de la premi\u00e8re visite de la Commission dans le pays.<\/p>\n\n\n\n<p>\u00ab \u00c0 ce stade, nous ne sommes pas en mesure de faire des constatations factuelles ou de nous prononcer sur des questions relatives \u00e0 la d\u00e9termination juridique des \u00e9v\u00e9nements \u00bb, a d\u00e9taill\u00e9 M. M\u00f8se.&nbsp;<\/p>\n\n\n\n<p>Toutefois, sous r\u00e9serve d\u2019une confirmation ult\u00e9rieure, les informations re\u00e7ues et les sites de destruction visit\u00e9s peuvent \u00e9tayer certaines all\u00e9gations. Parmi celles-ci, il y a des all\u00e9gations faisant \u00e9tat de \u00ab graves violations du droit international des droits de l\u2019homme et du droit international humanitaire \u00bb, pouvant aller jusqu\u2019\u00e0 des \u00ab crimes de guerre et des crimes contre l\u2019humanit\u00e9 \u00bb, ont \u00e9t\u00e9 commises dans ces r\u00e9gions.<\/p>\n\n\n\n<p>Sur le terrain, les \u00e9quipes de la Commission poursuivent le processus de collecte d\u2019\u00e9l\u00e9ments de preuve susceptibles de servir \u00e0 l\u2019\u00e9tablissement des responsabilit\u00e9s. \u00ab Chaque fois que cela sera possible, nous identifierons les individus ou les entit\u00e9s, et nous accorderons une attention particuli\u00e8re aux violations de nature sexuelle, des droits des enfants, des personnes \u00e2g\u00e9es et d\u2019autres populations vuln\u00e9rables \u00bb, a fait valoir Pablo de Greiff, un autre membre de la Commission d\u2019enqu\u00eate sur l\u2019Ukraine.<\/p>\n\n\n\n<div class=\"wpb_wrapper\"><div class=\"tdm_block td_block_wrap tdm_block_button tdi_131 tdm-block-button-inline tdm-content-horiz-left td-pb-border-top td_block_template_1\" data-td-block-uid=\"tdi_131\">\n<style>\n\n<\/style><div class=\"tds-button td-fix-index\"><a href=\"https:\/\/news.un.org\/fr\/story\/2022\/06\/1121792\" class=\"tds-button1 tdm-btn tdm-btn-lg tdi_132\"><span class=\"couleur_bouton tdm-btn-text\">Consulter la source<\/span><\/a><\/div><\/div><\/div>\n","protected":false},"excerpt":{"rendered":"<p>Des enqu\u00eateurs de l\u2019ONU se sont inqui\u00e9t\u00e9s, mercredi, du risque d\u2019adoption forc\u00e9e d\u2019enfants ukrainiens, notamment ceux vivant dans des institutions ou internats pour beaucoup localis\u00e9s dans l\u2019est du pays, sans \u00eatre forc\u00e9ment orphelins et dont la moiti\u00e9 sont handicap\u00e9s. \u00ab La Commission d\u2019enqu\u00eate sur l\u2019Ukraine consid\u00e8re qu\u2019il est n\u00e9cessaire d\u2019enqu\u00eater davantage sur les rapports concernant [&hellip;]<\/p>\n","protected":false},"author":1,"featured_media":7116,"comment_status":"open","ping_status":"open","sticky":false,"template":"","format":"standard","meta":{"footnotes":""},"categories":[22],"tags":[],"class_list":{"0":"post-7115","1":"post","2":"type-post","3":"status-publish","4":"format-standard","5":"has-post-thumbnail","7":"category-analyse"},"_links":{"self":[{"href":"https:\/\/placedesnations.org\/index.php\/wp-json\/wp\/v2\/posts\/7115","targetHints":{"allow":["GET"]}}],"collection":[{"href":"https:\/\/placedesnations.org\/index.php\/wp-json\/wp\/v2\/posts"}],"about":[{"href":"https:\/\/placedesnations.org\/index.php\/wp-json\/wp\/v2\/types\/post"}],"author":[{"embeddable":true,"href":"https:\/\/placedesnations.org\/index.php\/wp-json\/wp\/v2\/users\/1"}],"replies":[{"embeddable":true,"href":"https:\/\/placedesnations.org\/index.php\/wp-json\/wp\/v2\/comments?post=7115"}],"version-history":[{"count":2,"href":"https:\/\/placedesnations.org\/index.php\/wp-json\/wp\/v2\/posts\/7115\/revisions"}],"predecessor-version":[{"id":7118,"href":"https:\/\/placedesnations.org\/index.php\/wp-json\/wp\/v2\/posts\/7115\/revisions\/7118"}],"wp:featuredmedia":[{"embeddable":true,"href":"https:\/\/placedesnations.org\/index.php\/wp-json\/wp\/v2\/media\/7116"}],"wp:attachment":[{"href":"https:\/\/placedesnations.org\/index.php\/wp-json\/wp\/v2\/media?parent=7115"}],"wp:term":[{"taxonomy":"category","embeddable":true,"href":"https:\/\/placedesnations.org\/index.php\/wp-json\/wp\/v2\/categories?post=7115"},{"taxonomy":"post_tag","embeddable":true,"href":"https:\/\/placedesnations.org\/index.php\/wp-json\/wp\/v2\/tags?post=7115"}],"curies":[{"name":"wp","href":"https:\/\/api.w.org\/{rel}","templated":true}]}}