{"id":7306,"date":"2022-06-29T12:00:00","date_gmt":"2022-06-29T12:00:00","guid":{"rendered":"https:\/\/placedesnations.org\/?p=7306"},"modified":"2022-06-30T12:02:04","modified_gmt":"2022-06-30T12:02:04","slug":"repression-severe-au-belarus-visant-les-manifestants-contre-la-guerre-en-ukraine","status":"publish","type":"post","link":"https:\/\/placedesnations.org\/index.php\/2022\/06\/29\/repression-severe-au-belarus-visant-les-manifestants-contre-la-guerre-en-ukraine\/","title":{"rendered":"R\u00e9pression s\u00e9v\u00e8re au B\u00e9larus visant les manifestants contre la guerre en Ukraine"},"content":{"rendered":"\n<p>Dans l\u2019ombre de la guerre en Ukraine, la r\u00e9pression continue au B\u00e9larus. Pressions, harc\u00e8lement, intimidations et menaces sont employ\u00e9s contre les organisations de la soci\u00e9t\u00e9 civile et les m\u00e9dias ind\u00e9pendants, a alert\u00e9 mercredi une experte ind\u00e9pendante onusienne.&nbsp;<\/p>\n\n\n\n<p>\u00ab J\u2019ajouterais que mon mandat a \u00e9t\u00e9 inform\u00e9 de la s\u00e9v\u00e8re r\u00e9pression des autorit\u00e9s \u00e0 l\u2019encontre des manifestants anti-guerre au B\u00e9larus \u00bb, a d\u00e9clar\u00e9 devant le Conseil des droits de l\u2019homme, Ana\u00efs Marin, Rapporteure sp\u00e9ciale sur la situation des droits de l\u2019homme au B\u00e9larus.<\/p>\n\n\n\n<p>Elle dit avoir \u00e9t\u00e9 aussi inform\u00e9e \u00ab des difficult\u00e9s et de cas de discriminations et de discours de haine que certains B\u00e9larusses contraints \u00e0 quitter leur pays endurent depuis le d\u00e9but de l\u2019agression arm\u00e9e russe en Ukraine \u00bb.<\/p>\n\n\n\n<p>Elle appelle donc les pays d\u2019accueil de migrants b\u00e9larusses \u00e0 mettre en place des syst\u00e8mes de protection subsidiaire et de l\u00e9galisation pour garantir les droits humains de ces B\u00e9larusses contraints \u00e0 l\u2019exil.<\/p>\n\n\n\n<p>L\u2019experte estime que la situation des droits de l\u2019homme au B\u00e9larus n\u2019a fait qu\u2019empirer ces derniers mois qui ont \u00e9t\u00e9 marqu\u00e9s par \u00ab une d\u00e9t\u00e9rioration significative dans de nombreux domaines \u00bb. \u00ab Les autorit\u00e9s ont poursuivi leur politique de durcissement de la l\u00e9gislation qui restreint les droits civils et politiques \u00bb, a affirm\u00e9 Mme Marin.<\/p>\n\n\n\n<h3 class=\"wp-block-heading\">Plus de 300 ONG et m\u00e9dias ind\u00e9pendants ont \u00e9t\u00e9 contraints \u00e0 la dissolution<\/h3>\n\n\n\n<p>L\u2019une des grandes tendances qui a contribu\u00e9 \u00e0 la d\u00e9t\u00e9rioration substantielle de la situation des droits de l\u2019homme au B\u00e9larus est le r\u00e9tr\u00e9cissement de l\u2019espace civique. Celui-ci est le r\u00e9sultat d\u2019une \u00ab politique d\u00e9lib\u00e9r\u00e9e visant \u00e0 \u00e9radiquer tous les supports pour l\u2019expression d\u2019opinions dissidentes \u00bb. \u00ab Pressions, harc\u00e8lement, intimidations et menaces sont ainsi employ\u00e9s contre les organisations de la soci\u00e9t\u00e9 civile et les m\u00e9dias ind\u00e9pendants \u00bb.<\/p>\n\n\n\n<p>La p\u00e9riode examin\u00e9e dans son rapport a \u00e9t\u00e9 ainsi marqu\u00e9e par plusieurs descentes de police dans les locaux d\u2019organisations non-gouvernementales, les r\u00e9dactions des m\u00e9dias, ainsi qu\u2019au domicile de leurs employ\u00e9s ou de leurs proches. Ces raids s\u2019accompagnent \u00ab syst\u00e9matiquement \u00bb de la saisie de mat\u00e9riel informatique, y compris celui des enfants des t\u00e9moins et des suspects, a d\u00e9taill\u00e9 la Rapporteure sp\u00e9ciale.&nbsp;<\/p>\n\n\n\n<p>Ils conduisent en g\u00e9n\u00e9ral \u00e0 la d\u00e9tention ou \u00e0 la verbalisation de militants de la soci\u00e9t\u00e9 civile et de journalistes, puis \u00e0 l\u2019ouverture de poursuites p\u00e9nales sous des pr\u00e9textes douteux, tels que des accusations de fraude fiscale ou d\u2019organisation d\u2019activit\u00e9s non autoris\u00e9es.<\/p>\n\n\n\n<p>\u00ab Je note que les autorit\u00e9s ont agi de mani\u00e8re beaucoup plus s\u00e9v\u00e8re et violente qu\u2019au cours des ann\u00e9es pr\u00e9c\u00e9dentes, de toute \u00e9vidence en vue de \u00ab purger \u00bb la soci\u00e9t\u00e9 civile de ses \u00e9l\u00e9ments ind\u00e9sirables, une tendance sur laquelle je vous avais d\u00e9j\u00e0 alert\u00e9s l\u2019an dernier \u00bb, a-t-elle fait valoir.&nbsp;<\/p>\n\n\n\n<p>Depuis lors, plus de 300 ONG et m\u00e9dias ind\u00e9pendants ont \u00e9t\u00e9 contraints \u00e0 la dissolution. \u00c0 la suite de cette \u00ab campagne massive de pers\u00e9cution et de liquidations \u00bb, la plupart des d\u00e9fenseurs des droits de l\u2019homme b\u00e9larusses ont \u00e9t\u00e9 contraints \u00e0 s\u2019exiler pour leur s\u00e9curit\u00e9.<img decoding=\"async\" src=\"https:\/\/global.unitednations.entermediadb.net\/assets\/mediadb\/services\/module\/asset\/downloads\/preset\/Libraries\/Production+Library\/20-08-2020-Belarus-demonstrations-09.jpg\/image1170x530cropped.jpg\" alt=\"Un panneau indiquant &quot;Arr\u00eatez de nous blesser&quot; sur la vitre d'une voiture \u00e0 Minsk alors que des manifestants descendent dans les rues de la capitale du Belarus \u00e0 la suite de l'\u00e9lection pr\u00e9sidentielle contest\u00e9e.\" width=\"100%\" height=\"\"><\/p>\n\n\n\n<p><sub>Kseniya Halubovich|Un panneau indiquant \u00ab\u00a0Arr\u00eatez de nous blesser\u00a0\u00bb sur la vitre d&rsquo;une voiture \u00e0 Minsk alors que des manifestants descendent dans les rues de la capitale du Belarus \u00e0 la suite de l&rsquo;\u00e9lection pr\u00e9sidentielle contest\u00e9e.<\/sub><\/p>\n\n\n\n<h3 class=\"wp-block-heading\">Plus d\u2019un millier de d\u00e9tenus sur la base d\u2019accusations \u00e0 caract\u00e8re politique<\/h3>\n\n\n\n<p>Ceux qui n\u2019ont pas voulu ou pas pu fuir se sont syst\u00e9matiquement retrouv\u00e9s derri\u00e8re les barreaux. A ce jour, 1.214 personnes sont emprisonn\u00e9es au B\u00e9larus sur la base d\u2019accusations \u00e0 caract\u00e8re politique, parmi lesquelles 30 professionnels des m\u00e9dias.<\/p>\n\n\n\n<p>La r\u00e9pression et l\u2019intimidation se manifestent \u00e9galement par des licenciements abusifs d\u2019employ\u00e9s d\u2019entreprises d\u2019\u00c9tat et d\u2019organismes publics, d\u2019institutions \u00e9ducatives et culturelles, des quelques syndicats ind\u00e9pendants qui subsistent. Quant aux avocats qui d\u00e9fendent des personnes ayant exprim\u00e9 des opinions dissidentes, ils ont tous fait l\u2019objet de mesures disciplinaires, et une cinquantaine d\u2019entre eux se sont vu retirer leur licence.<\/p>\n\n\n\n<p>Dans ces conditions, ce \u00ab climat de peur et d\u2019impunit\u00e9 qui r\u00e8gne au B\u00e9larus \u00bb a contraint \u00e0 l\u2019exil des dizaines voire des centaines de milliers de B\u00e9larusses victimes de r\u00e9pression ou d\u2019intimidation, partisans de l\u2019opposition, militants de la soci\u00e9t\u00e9 civile, avocats, journalistes et quantit\u00e9 de citoyens ordinaires.<\/p>\n\n\n\n<p>\u00ab J\u2019appelle la communaut\u00e9 internationale \u00e0 \u00e9tendre son soutien au travail vital qu\u2019ils continuent d\u2019accomplir, sur place ou depuis l\u2019\u00e9tranger, dans des conditions \u00e9prouvantes \u00bb, a fait remarquer l\u2019experte ind\u00e9pendante onusienne.&nbsp;<\/p>\n\n\n\n<p>Dans ce contexte d\u2019un climat d\u2019impunit\u00e9 r\u00e9gnant au B\u00e9larus, la Rapporteure sp\u00e9ciale encourage la communaut\u00e9 internationale \u00e0 continuer de soutenir les m\u00e9canismes de responsabilit\u00e9, notamment celui \u00e9tabli par ce Conseil en mars 2021 sous l\u2019autorit\u00e9 de la Haute-Commissaire aux droits de l&rsquo;homme.<\/p>\n\n\n\n<p>\u00ab Les auteurs de violations doivent \u00eatre tenus responsables de leurs actes et les victimes obtenir justice et r\u00e9paration \u00bb, a-t-elle conclu, relevant que \u00ab c\u2019est un pr\u00e9alable indispensable pour envisager l\u2019ouverture d\u2019un dialogue, aujourd\u2019hui inexistant, entre l\u2019Etat et la soci\u00e9t\u00e9\u00bb.<\/p>\n\n\n\n<h3 class=\"wp-block-heading\">NOTE :&nbsp;<\/h3>\n\n\n\n<p><em>Les Rapporteurs sp\u00e9ciaux et Experts ind\u00e9pendants font partie de ce que l&rsquo;on appelle les proc\u00e9dures sp\u00e9ciales du Conseil des droits de l&rsquo;homme. Les proc\u00e9dures sp\u00e9ciales, le plus grand groupe d&rsquo;experts ind\u00e9pendants du syst\u00e8me des droits de l&rsquo;homme des Nations Unies, est le nom g\u00e9n\u00e9ral des m\u00e9canismes ind\u00e9pendants d&rsquo;enqu\u00eate et de suivi du Conseil qui traitent soit de situations sp\u00e9cifiques \u00e0 des pays, soit de questions th\u00e9matiques dans toutes les r\u00e9gions du monde. Les experts des proc\u00e9dures sp\u00e9ciales travaillent sur une base volontaire ; ils ne font pas partie du personnel de l&rsquo;ONU et ne re\u00e7oivent pas de salaire pour leur travail. Ils sont ind\u00e9pendants de tout gouvernement ou organisation et si\u00e8gent \u00e0 titre individuel.<\/em><\/p>\n\n\n\n<div class=\"wpb_wrapper\"><div class=\"tdm_block td_block_wrap tdm_block_button tdi_131 tdm-block-button-inline tdm-content-horiz-left td-pb-border-top td_block_template_1\" data-td-block-uid=\"tdi_131\">\n<style>\n\n<\/style><div class=\"tds-button td-fix-index\"><a href=\"https:\/\/news.un.org\/fr\/story\/2022\/06\/1122792\" class=\"tds-button1 tdm-btn tdm-btn-lg tdi_132\"><span class=\"couleur_bouton tdm-btn-text\">Consulter la source<\/span><\/a><\/div><\/div><\/div>\n","protected":false},"excerpt":{"rendered":"<p>Dans l\u2019ombre de la guerre en Ukraine, la r\u00e9pression continue au B\u00e9larus. Pressions, harc\u00e8lement, intimidations et menaces sont employ\u00e9s contre les organisations de la soci\u00e9t\u00e9 civile et les m\u00e9dias ind\u00e9pendants, a alert\u00e9 mercredi une experte ind\u00e9pendante onusienne.&nbsp; \u00ab J\u2019ajouterais que mon mandat a \u00e9t\u00e9 inform\u00e9 de la s\u00e9v\u00e8re r\u00e9pression des autorit\u00e9s \u00e0 l\u2019encontre des manifestants [&hellip;]<\/p>\n","protected":false},"author":1,"featured_media":7307,"comment_status":"open","ping_status":"open","sticky":false,"template":"","format":"standard","meta":{"footnotes":""},"categories":[17],"tags":[],"class_list":{"0":"post-7306","1":"post","2":"type-post","3":"status-publish","4":"format-standard","5":"has-post-thumbnail","7":"category-manifestations"},"_links":{"self":[{"href":"https:\/\/placedesnations.org\/index.php\/wp-json\/wp\/v2\/posts\/7306","targetHints":{"allow":["GET"]}}],"collection":[{"href":"https:\/\/placedesnations.org\/index.php\/wp-json\/wp\/v2\/posts"}],"about":[{"href":"https:\/\/placedesnations.org\/index.php\/wp-json\/wp\/v2\/types\/post"}],"author":[{"embeddable":true,"href":"https:\/\/placedesnations.org\/index.php\/wp-json\/wp\/v2\/users\/1"}],"replies":[{"embeddable":true,"href":"https:\/\/placedesnations.org\/index.php\/wp-json\/wp\/v2\/comments?post=7306"}],"version-history":[{"count":1,"href":"https:\/\/placedesnations.org\/index.php\/wp-json\/wp\/v2\/posts\/7306\/revisions"}],"predecessor-version":[{"id":7308,"href":"https:\/\/placedesnations.org\/index.php\/wp-json\/wp\/v2\/posts\/7306\/revisions\/7308"}],"wp:featuredmedia":[{"embeddable":true,"href":"https:\/\/placedesnations.org\/index.php\/wp-json\/wp\/v2\/media\/7307"}],"wp:attachment":[{"href":"https:\/\/placedesnations.org\/index.php\/wp-json\/wp\/v2\/media?parent=7306"}],"wp:term":[{"taxonomy":"category","embeddable":true,"href":"https:\/\/placedesnations.org\/index.php\/wp-json\/wp\/v2\/categories?post=7306"},{"taxonomy":"post_tag","embeddable":true,"href":"https:\/\/placedesnations.org\/index.php\/wp-json\/wp\/v2\/tags?post=7306"}],"curies":[{"name":"wp","href":"https:\/\/api.w.org\/{rel}","templated":true}]}}