{"id":7574,"date":"2022-06-07T21:00:00","date_gmt":"2022-06-07T21:00:00","guid":{"rendered":"https:\/\/placedesnations.org\/?p=7574"},"modified":"2022-07-20T21:06:25","modified_gmt":"2022-07-20T21:06:25","slug":"le-roi-philippe-accueilli-chaleureusement-pour-sa-premiere-visite-officielle-a-kinshasa","status":"publish","type":"post","link":"https:\/\/placedesnations.org\/index.php\/2022\/06\/07\/le-roi-philippe-accueilli-chaleureusement-pour-sa-premiere-visite-officielle-a-kinshasa\/","title":{"rendered":"Le Roi Philippe accueilli chaleureusement pour sa premi\u00e8re visite officielle \u00e0 Kinshasa"},"content":{"rendered":"\n<p>Kinshasa, mardi 7 juin 2022<\/p>\n\n\n\n<p>De l&rsquo;a\u00e9roport international de N&rsquo;Djili jusqu&rsquo;\u00e0 sa r\u00e9sidence temporaire de Gombe, la population kinoise \u00e9tait tr\u00e8s mobilis\u00e9e pour ovationner le Roi des Belges et la Reine Mathilde arriv\u00e9s ce mardi \u00e0 15 heures locales .<br>Accueillis \u00e0 leur descente d&rsquo;avion par le couple pr\u00e9sidentiel de la r\u00e9publique d\u00e9mocratique du congo, le couple royal belge a travers\u00e9 la haie d&rsquo;honneur constitu\u00e9e d&rsquo;officiels belges et congolais.<br>Les pr\u00e9sidents des deux chambres du parlement, le premier ministre ,<br>le vice premier ministre et ministre des affaires \u00e9trang\u00e8res, le ministre de la communication et m\u00e9dias \u00e9taient parmi les personnalit\u00e9s pr\u00e9sentes \u00e0 l&rsquo;a\u00e9roport international de N&rsquo;djii<br>A la t\u00eate d&rsquo;une forte d\u00e9l\u00e9gation, le souverain belge entame une longue visite de travail de 6 jours en terre congolaise comprenant entre autre le premier ministre Alexander De Croo.<br>Apr\u00e8s 3 jours \u00e0 Kinshasa, le Roi Philippe et la Reine Mathilde sont attendus \u00e0 Lubumbashi puis Bukavu.<br>A l&rsquo;\u00e9tape de Kinshasa,<br>le Roi des Belges sera re\u00e7u au Palais de la nation par le pr\u00e9sident de la r\u00e9publique F\u00e9lix Antoine Tshisekedi Tshilombo puis il visitera le mus\u00e9e national avant de s&rsquo;adresser au parlement congolais .<br>Ce discours est tr\u00e8s attendu car devant s&rsquo;inscrire dans la suite de son message historique adress\u00e9 au pr\u00e9sident F\u00e9lix Tshisekedi en 2020 dans lequel il demandait pardon pour le lourd tribut de la colonisation.<\/p>\n\n\n\n<div class=\"wpb_wrapper\"><div class=\"tdm_block td_block_wrap tdm_block_button tdi_131 tdm-block-button-inline tdm-content-horiz-left td-pb-border-top td_block_template_1\" data-td-block-uid=\"tdi_131\">\n<style>\n\n<\/style><div class=\"tds-button td-fix-index\"><a href=\"https:\/\/www.presidence.cd\/actualite-detail\/actualite\/le_roi_philippe_accueilli_chaleureusement_pour_sa_premiere_visite_officielle_a_kinshasa\" class=\"tds-button1 tdm-btn tdm-btn-lg tdi_132\"><span class=\"couleur_bouton tdm-btn-text\">Consulter la source<\/span><\/a><\/div><\/div><\/div>\n","protected":false},"excerpt":{"rendered":"<p>Kinshasa, mardi 7 juin 2022 De l&rsquo;a\u00e9roport international de N&rsquo;Djili jusqu&rsquo;\u00e0 sa r\u00e9sidence temporaire de Gombe, la population kinoise \u00e9tait tr\u00e8s mobilis\u00e9e pour ovationner le Roi des Belges et la Reine Mathilde arriv\u00e9s ce mardi \u00e0 15 heures locales .Accueillis \u00e0 leur descente d&rsquo;avion par le couple pr\u00e9sidentiel de la r\u00e9publique d\u00e9mocratique du congo, le [&hellip;]<\/p>\n","protected":false},"author":1,"featured_media":7573,"comment_status":"open","ping_status":"open","sticky":false,"template":"","format":"standard","meta":{"footnotes":""},"categories":[15],"tags":[],"class_list":{"0":"post-7574","1":"post","2":"type-post","3":"status-publish","4":"format-standard","5":"has-post-thumbnail","7":"category-cellcom"},"_links":{"self":[{"href":"https:\/\/placedesnations.org\/index.php\/wp-json\/wp\/v2\/posts\/7574","targetHints":{"allow":["GET"]}}],"collection":[{"href":"https:\/\/placedesnations.org\/index.php\/wp-json\/wp\/v2\/posts"}],"about":[{"href":"https:\/\/placedesnations.org\/index.php\/wp-json\/wp\/v2\/types\/post"}],"author":[{"embeddable":true,"href":"https:\/\/placedesnations.org\/index.php\/wp-json\/wp\/v2\/users\/1"}],"replies":[{"embeddable":true,"href":"https:\/\/placedesnations.org\/index.php\/wp-json\/wp\/v2\/comments?post=7574"}],"version-history":[{"count":2,"href":"https:\/\/placedesnations.org\/index.php\/wp-json\/wp\/v2\/posts\/7574\/revisions"}],"predecessor-version":[{"id":7577,"href":"https:\/\/placedesnations.org\/index.php\/wp-json\/wp\/v2\/posts\/7574\/revisions\/7577"}],"wp:featuredmedia":[{"embeddable":true,"href":"https:\/\/placedesnations.org\/index.php\/wp-json\/wp\/v2\/media\/7573"}],"wp:attachment":[{"href":"https:\/\/placedesnations.org\/index.php\/wp-json\/wp\/v2\/media?parent=7574"}],"wp:term":[{"taxonomy":"category","embeddable":true,"href":"https:\/\/placedesnations.org\/index.php\/wp-json\/wp\/v2\/categories?post=7574"},{"taxonomy":"post_tag","embeddable":true,"href":"https:\/\/placedesnations.org\/index.php\/wp-json\/wp\/v2\/tags?post=7574"}],"curies":[{"name":"wp","href":"https:\/\/api.w.org\/{rel}","templated":true}]}}