{"id":7743,"date":"2022-07-25T13:21:00","date_gmt":"2022-07-25T13:21:00","guid":{"rendered":"https:\/\/placedesnations.org\/?p=7743"},"modified":"2022-11-20T13:22:32","modified_gmt":"2022-11-20T13:22:32","slug":"myanmar-michelle-bachelet-condamne-lexecution-de-quatre-militants-pro-democratie","status":"publish","type":"post","link":"https:\/\/placedesnations.org\/index.php\/2022\/07\/25\/myanmar-michelle-bachelet-condamne-lexecution-de-quatre-militants-pro-democratie\/","title":{"rendered":"Myanmar : Michelle Bachelet condamne l&rsquo;ex\u00e9cution de quatre militants pro-d\u00e9mocratie"},"content":{"rendered":"<div class=\"wpb_wrapper\">\n<div class=\"tdm_block td_block_wrap tdm_block_button tdi_131 tdm-block-button-inline tdm-content-horiz-left td-pb-border-top td_block_template_1\" data-td-block-uid=\"tdi_131\">\n<div id=\"block-views-block-content-fields-block-lead\" class=\"views-element-container block block-views block-views-block-content-fields-block-lead\">\n<div class=\"content block__content\">\n<div>\n<div class=\"view view-content-fields view-id-content_fields view-display-id-block_lead js-view-dom-id-4dadcbee7b0b0813a531d1cbfa4bcc053b04486ab4fb9800bf6863319342728b\">\n<div class=\"view-content\">\n<div class=\"views-row\">\n<div class=\"views-field views-field-field-news-story-lead\">\n<div class=\"field-content\">\n<p>La cheffe des droits de l&rsquo;homme des Nations Unies, Michelle Bachelet, a condamn\u00e9 lundi \u00ab\u00a0avec la plus grande fermet\u00e9\u00a0\u00bb l&rsquo;ex\u00e9cution de quatre militants pro-d\u00e9mocratie par l&rsquo;arm\u00e9e du Myanmar, \u00ab\u00a0malgr\u00e9 les appels r\u00e9p\u00e9t\u00e9s de l\u2019ONU et de l&rsquo;ensemble de la communaut\u00e9 internationale \u00bb \u00e0 ne pas le faire.<\/p>\n<\/div>\n<\/div>\n<\/div>\n<\/div>\n<\/div>\n<\/div>\n<\/div>\n<\/div>\n<div id=\"block-un-base-theme-content\" class=\"lc-main-content block block-system block-system-main-block block-un-base-theme-content\">\n<div class=\"content block__content\">\n<article class=\"node node--type-news-story node--view-mode-full clearfix\" role=\"article\">\n<header><\/header>\n<div class=\"node__content clearfix\"><\/div>\n<\/article>\n<\/div>\n<\/div>\n<div id=\"block-views-block-content-fields-block-body\" class=\"views-element-container block block-views block-views-block-content-fields-block-body\">\n<div class=\"content block__content\">\n<div>\n<div class=\"view view-content-fields view-id-content_fields view-display-id-block_body js-view-dom-id-78550c3df348a077e67d5707ccf00010ab06fbd8a3c1038e2f9df54d860d9f36\">\n<div class=\"view-content\">\n<div class=\"views-row\">\n<div class=\"views-field views-field-field-news-story\">\n<div class=\"field-content\">\n<div class=\"paragraph paragraph--type--one-column-text paragraph--view-mode--default\">\n<div class=\"lc-section lc-section-455 layoutcomponents-one-column container lc-inline_section-edit\">\n<div class=\"lc-inline_container-section-edit\">\n<div class=\"row lc-container-cols lc-inline_row-edit\">\n<div class=\"lc-inline_column_first-edit layoutcomponent-column col-md\">\n<div class=\"layout-builder__region js-layout-builder-region lc-inline_column_first-content-edit\" data-region=\"first\">\n<div class=\"block block-layout-builder block-field-block-paragraph-one-column-text-field-text-column\">\n<div class=\"content block__content\">\n<div class=\"clearfix text-formatted field field--name-field-text-column field--type-text-long field--label-hidden field__item\">\n<p>\u00ab\u00a0Je suis constern\u00e9e de constater que, malgr\u00e9 les appels lanc\u00e9s dans le monde entier, les militaires ont proc\u00e9d\u00e9 \u00e0 ces ex\u00e9cutions sans aucun \u00e9gard pour les droits de l&rsquo;homme\u00a0\u00bb, a d\u00e9clar\u00e9 Mme Bachelet.<\/p>\n<blockquote><p>Malgr\u00e9 les appels lanc\u00e9s dans le monde entier, les militaires ont proc\u00e9d\u00e9 \u00e0 ces ex\u00e9cutions sans aucun \u00e9gard pour les droits de l&rsquo;homme<\/p><\/blockquote>\n<p>\u00ab\u00a0Cette mesure cruelle et r\u00e9gressive est une extension de la campagne de r\u00e9pression que l&rsquo;arm\u00e9e m\u00e8ne actuellement contre son propre peuple\u00a0\u00bb, a estim\u00e9 la Haute-Commissaire des Nations Unies aux droits de l&rsquo;homme.<\/p>\n<p>Selon Mme Bachelet, ces ex\u00e9cutions, les premi\u00e8res au Myanmar depuis des d\u00e9cennies, \u00ab\u00a0constituent des violations cruelles des droits \u00e0 la vie, \u00e0 la libert\u00e9 et \u00e0 la s\u00e9curit\u00e9 de la personne, ainsi que des garanties d&rsquo;un proc\u00e8s \u00e9quitable. Le fait que l&rsquo;arm\u00e9e \u00e9tende ses meurtres ne fera qu&rsquo;aggraver son implication dans la crise qu&rsquo;elle a elle-m\u00eame cr\u00e9\u00e9e\u00a0\u00bb.<\/p>\n<h3>Lib\u00e9rer les prisonniers et r\u00e9tablir le moratoire<\/h3>\n<p>La Haute-Commissaire a demand\u00e9 la lib\u00e9ration imm\u00e9diate de tous les prisonniers politiques et des autres personnes d\u00e9tenues arbitrairement. Elle a \u00e9galement exhort\u00e9 le pays \u00e0 r\u00e9tablir son moratoire de facto sur l&rsquo;application de la peine de mort, en tant qu&rsquo;\u00e9tape vers son abolition \u00e9ventuelle.<\/p>\n<p>Le 25 juillet, les m\u00e9dias d&rsquo;\u00c9tat du Myanmar ont annonc\u00e9 que l&rsquo;arm\u00e9e avait ex\u00e9cut\u00e9 quatre personnes, dont l&rsquo;ancien d\u00e9put\u00e9 de la Ligue nationale pour la d\u00e9mocratie (NLD) Phyo Zeya Thaw, le militant pour la d\u00e9mocratie Kyaw Min Yu, plus connu sous le nom de Ko Jimmy. Hla Myo Aung et Aung Thura Zaw sont les deux autres hommes ex\u00e9cut\u00e9s.<\/p>\n<p>Ko Jimmy et Phyo Zaya Thaw ont \u00e9t\u00e9 arr\u00eat\u00e9s respectivement le 23 octobre et le 18 novembre 2021. Ko Jimmy a ensuite \u00e9t\u00e9 accus\u00e9 de s\u00e9dition. Phyo Zayar Thaw et Ko Jimmy ont \u00e9galement \u00e9t\u00e9 inculp\u00e9s en vertu de la loi antiterroriste et condamn\u00e9s \u00e0 mort par un tribunal militaire le 21 janvier 2022. Leurs appels ult\u00e9rieurs ont \u00e9t\u00e9 rejet\u00e9s.<\/p>\n<p>Hla Myo Aung et Aung Thura Zaw ont \u00e9t\u00e9 reconnus coupables de meurtre. Leurs appels ont \u00e9galement \u00e9t\u00e9 rejet\u00e9s.<\/p>\n<h3>Des tribunaux militaires \u00e0 huis clos<\/h3>\n<p>Au Myanmar, ces affaires sont entendues par des tribunaux militaires \u00e0 huis clos.<\/p>\n<p>Depuis le coup d&rsquo;\u00c9tat militaire du 1er f\u00e9vrier 2021, 117 personnes, dont deux enfants, ont \u00e9t\u00e9 condamn\u00e9es \u00e0 mort, dont 41 par contumace.<\/p>\n<p>Plus de 11.500 personnes sont toujours en d\u00e9tention pour s&rsquo;\u00eatre oppos\u00e9es \u00e0 la prise de pouvoir par les militaires.<\/p>\n<p>\u00ab\u00a0Le plus inqui\u00e9tant, c&rsquo;est que plus de 30% des plus de 2.100 personnes tu\u00e9es depuis f\u00e9vrier 2021 sont mortes en d\u00e9tention militaire &#8211; la plupart \u00e0 la suite de mauvais traitements\u00a0\u00bb, a d\u00e9clar\u00e9 Mme Bachelet.<\/p>\n<p>Le 3 juin, le Secr\u00e9taire g\u00e9n\u00e9ral des Nations Unies,\u00a0<a href=\"https:\/\/www.un.org\/sg\/fr\/content\/sg\/biography\">Ant\u00f3nio Guterres<\/a>, a exprim\u00e9 son inqui\u00e9tude face \u00e0 la d\u00e9cision de l&rsquo;arm\u00e9e de proc\u00e9der \u00e0 des ex\u00e9cutions et a r\u00e9it\u00e9r\u00e9 ses appels au respect des droits des personnes \u00e0 la libert\u00e9 d&rsquo;opinion et d&rsquo;expression.<\/p>\n<p>Mme Bachelet s&rsquo;est fait l&rsquo;\u00e9cho de son appel \u00e0 l&rsquo;arm\u00e9e pour qu&rsquo;elle \u00ab\u00a0abandonne toutes les charges contre les personnes arr\u00eat\u00e9es pour des motifs li\u00e9s \u00e0 l&rsquo;exercice de leurs libert\u00e9s et droits fondamentaux\u00a0\u00bb et \u00e0 la lib\u00e9ration imm\u00e9diate de tous les prisonniers politiques au Myanmar.<\/p>\n<p>\u00ab\u00a0Les militaires semblent peu soucieux de mettre fin \u00e0 cette crise ou de r\u00e9duire la violence conform\u00e9ment \u00e0 leurs obligations internationales, sans parler d&rsquo;une quelconque volont\u00e9 de respecter les proc\u00e9dures r\u00e9guli\u00e8res, la justice ou l&rsquo;\u00c9tat de droit\u00a0\u00bb, a d\u00e9plor\u00e9 Mme Bachelet.<\/p>\n<p>La Haute-Commissaire a r\u00e9it\u00e9r\u00e9 son appel aux voisins du Myanmar et \u00e0 l&rsquo;ensemble de la communaut\u00e9 internationale pour que l&rsquo;arm\u00e9e soit tenue de respecter ses engagements en vertu du droit international, ainsi que le \u00ab\u00a0consensus en cinq points\u00a0\u00bb de l&rsquo;ASEAN.<\/p>\n<h3>Une r\u00e9ponse internationale forte<\/h3>\n<p>Le Rapporteur sp\u00e9cial sur la situation des droits de l&rsquo;homme au Myanmar a, pour sa part, appel\u00e9 \u00e0 une \u00ab\u00a0r\u00e9ponse internationale forte\u00a0\u00bb apr\u00e8s l&rsquo;ex\u00e9cution des quatre militants pro-d\u00e9mocratie par la junte militaire.<\/p>\n<p>Thomas Andrews s&rsquo;est dit \u00ab\u00a0indign\u00e9 et d\u00e9vast\u00e9\u00a0\u00bb par ce qui est consid\u00e9r\u00e9 comme le premier recours \u00e0 la peine capitale dans ce pays d&rsquo;Asie du Sud-Est depuis des d\u00e9cennies.<\/p>\n<p>Les quatre personnes ont \u00e9t\u00e9 reconnues coupables d&rsquo;avoir aid\u00e9 \u00e0 commettre des \u00ab\u00a0actes terroristes\u00a0\u00bb.<\/p>\n<p>Les ex\u00e9cutions ont eu lieu malgr\u00e9 les appels \u00e0 la cl\u00e9mence lanc\u00e9s dans le monde entier en faveur des quatre hommes, notamment par des experts des Nations Unies et par le Cambodge, qui assure la pr\u00e9sidence tournante de l&rsquo;Association des Nations de l&rsquo;Asie du Sud-Est (ASEAN).<\/p>\n<p>M. Andrews a condamn\u00e9 la d\u00e9cision de proc\u00e9der \u00e0 ces ex\u00e9cutions lorsqu&rsquo;elles ont \u00e9t\u00e9 annonc\u00e9es en juin. Dans une d\u00e9claration, il a d\u00e9clar\u00e9 que les hommes avaient \u00e9t\u00e9 \u00ab\u00a0jug\u00e9s, reconnus coupables et condamn\u00e9s&#8230; sans droit d&rsquo;appel\u00a0et, semble-t-il, sans avocat, en violation du droit international relatif aux droits humains\u00a0\u00bb.<\/p>\n<p>Il a appel\u00e9 les \u00c9tats membres de l&rsquo;ONU \u00e0 prendre des \u00ab\u00a0mesures \u00e9nergiques\u00a0\u00bb contre les \u00ab\u00a0meurtres g\u00e9n\u00e9ralis\u00e9s et syst\u00e9matiques de manifestants, les attaques aveugles contre des villages entiers et maintenant l&rsquo;ex\u00e9cution de dirigeants de l&rsquo;opposition\u00a0\u00bb.<\/p>\n<p>\u00ab\u00a0Le statu quo de l&rsquo;inaction internationale doit \u00eatre fermement rejet\u00e9\u00a0\u00bb, a affirm\u00e9 M. Andrews.<\/p>\n<\/div>\n<\/div>\n<\/div>\n<\/div>\n<\/div>\n<\/div>\n<\/div>\n<\/div>\n<\/div>\n<\/div>\n<\/div>\n<\/div>\n<\/div>\n<\/div>\n<\/div>\n<\/div>\n<\/div>\n<div class=\"tds-button td-fix-index\"><a class=\" tds-button1=\" href=\"https:\/\/news.un.org\/fr\/story\/2022\/07\/1124382\"><span class=\"couleur_bouton tdm-btn-text\">Consulter la source<\/span><\/a><\/div>\n<\/div>\n<\/div>\n","protected":false},"excerpt":{"rendered":"<p>La cheffe des droits de l&rsquo;homme des Nations Unies, Michelle Bachelet, a condamn\u00e9 lundi \u00ab\u00a0avec la plus grande fermet\u00e9\u00a0\u00bb l&rsquo;ex\u00e9cution de quatre militants pro-d\u00e9mocratie par l&rsquo;arm\u00e9e du Myanmar, \u00ab\u00a0malgr\u00e9 les appels r\u00e9p\u00e9t\u00e9s de l\u2019ONU et de l&rsquo;ensemble de la communaut\u00e9 internationale \u00bb \u00e0 ne pas le faire. \u00ab\u00a0Je suis constern\u00e9e de constater que, malgr\u00e9 les [&hellip;]<\/p>\n","protected":false},"author":1,"featured_media":7745,"comment_status":"open","ping_status":"open","sticky":false,"template":"","format":"standard","meta":{"footnotes":""},"categories":[17],"tags":[],"class_list":{"0":"post-7743","1":"post","2":"type-post","3":"status-publish","4":"format-standard","5":"has-post-thumbnail","7":"category-manifestations"},"_links":{"self":[{"href":"https:\/\/placedesnations.org\/index.php\/wp-json\/wp\/v2\/posts\/7743","targetHints":{"allow":["GET"]}}],"collection":[{"href":"https:\/\/placedesnations.org\/index.php\/wp-json\/wp\/v2\/posts"}],"about":[{"href":"https:\/\/placedesnations.org\/index.php\/wp-json\/wp\/v2\/types\/post"}],"author":[{"embeddable":true,"href":"https:\/\/placedesnations.org\/index.php\/wp-json\/wp\/v2\/users\/1"}],"replies":[{"embeddable":true,"href":"https:\/\/placedesnations.org\/index.php\/wp-json\/wp\/v2\/comments?post=7743"}],"version-history":[{"count":1,"href":"https:\/\/placedesnations.org\/index.php\/wp-json\/wp\/v2\/posts\/7743\/revisions"}],"predecessor-version":[{"id":7747,"href":"https:\/\/placedesnations.org\/index.php\/wp-json\/wp\/v2\/posts\/7743\/revisions\/7747"}],"wp:featuredmedia":[{"embeddable":true,"href":"https:\/\/placedesnations.org\/index.php\/wp-json\/wp\/v2\/media\/7745"}],"wp:attachment":[{"href":"https:\/\/placedesnations.org\/index.php\/wp-json\/wp\/v2\/media?parent=7743"}],"wp:term":[{"taxonomy":"category","embeddable":true,"href":"https:\/\/placedesnations.org\/index.php\/wp-json\/wp\/v2\/categories?post=7743"},{"taxonomy":"post_tag","embeddable":true,"href":"https:\/\/placedesnations.org\/index.php\/wp-json\/wp\/v2\/tags?post=7743"}],"curies":[{"name":"wp","href":"https:\/\/api.w.org\/{rel}","templated":true}]}}