{"id":7784,"date":"2022-07-26T13:55:00","date_gmt":"2022-07-26T13:55:00","guid":{"rendered":"https:\/\/placedesnations.org\/?p=7784"},"modified":"2022-11-20T13:56:38","modified_gmt":"2022-11-20T13:56:38","slug":"pourquoi-lassemblee-generale-de-lonu-doit-soutenir-le-droit-a-un-environnement-sain","status":"publish","type":"post","link":"https:\/\/placedesnations.org\/index.php\/2022\/07\/26\/pourquoi-lassemblee-generale-de-lonu-doit-soutenir-le-droit-a-un-environnement-sain\/","title":{"rendered":"Pourquoi l&rsquo;Assembl\u00e9e g\u00e9n\u00e9rale de l\u2019ONU doit soutenir le droit \u00e0 un environnement sain"},"content":{"rendered":"<div class=\"wpb_wrapper\">\n<div class=\"tdm_block td_block_wrap tdm_block_button tdi_131 tdm-block-button-inline tdm-content-horiz-left td-pb-border-top td_block_template_1\" data-td-block-uid=\"tdi_131\">\n<div id=\"block-views-block-content-fields-block-lead\" class=\"views-element-container block block-views block-views-block-content-fields-block-lead\">\n<div class=\"content block__content\">\n<div>\n<div class=\"view view-content-fields view-id-content_fields view-display-id-block_lead js-view-dom-id-831b54ec8ea3bf8a4a233abf4ab5e6d0912b5ffde037bdd219440a9b03f555a5\">\n<div class=\"view-content\">\n<div class=\"views-row\">\n<div class=\"views-field views-field-field-news-story-lead\">\n<div class=\"field-content\">\n<p>Fin juillet, l&rsquo;Assembl\u00e9e g\u00e9n\u00e9rale des Nations Unies, l&rsquo;organe le plus repr\u00e9sentatif de l&rsquo;Organisation qui compte l\u2019ensemble de ses 193 membres, doit voter sur un projet de r\u00e9solution reconnaissant le droit des \u00eatres humains \u00e0 un environnement propre, sain et durable.<\/p>\n<\/div>\n<\/div>\n<\/div>\n<\/div>\n<\/div>\n<\/div>\n<\/div>\n<\/div>\n<div id=\"block-un-base-theme-content\" class=\"lc-main-content block block-system block-system-main-block block-un-base-theme-content\">\n<div class=\"content block__content\">\n<article class=\"node node--type-news-story node--view-mode-full clearfix\" role=\"article\">\n<header><\/header>\n<div class=\"node__content clearfix\"><\/div>\n<\/article>\n<\/div>\n<\/div>\n<div id=\"block-views-block-content-fields-block-body\" class=\"views-element-container block block-views block-views-block-content-fields-block-body\">\n<div class=\"content block__content\">\n<div class=\"view view-content-fields view-id-content_fields view-display-id-block_body js-view-dom-id-d800c09b80b98baee5e22ab746ad14a89a83031cd663669436521fd280ed4469\">\n<div class=\"view-content\">\n<div class=\"views-row\">\n<div class=\"views-field views-field-field-news-story\">\n<div class=\"field-content\">\n<div class=\"paragraph paragraph--type--one-column-text paragraph--view-mode--default\">\n<div class=\"lc-section lc-section-387 layoutcomponents-one-column container lc-inline_section-edit\">\n<div class=\"lc-inline_container-section-edit\">\n<div class=\"row lc-container-cols lc-inline_row-edit\">\n<div class=\"lc-inline_column_first-edit layoutcomponent-column col-md\">\n<div class=\"layout-builder__region js-layout-builder-region lc-inline_column_first-content-edit\" data-region=\"first\">\n<div class=\"block block-layout-builder block-field-block-paragraph-one-column-text-field-text-column\">\n<div class=\"content block__content\">\n<div class=\"clearfix text-formatted field field--name-field-text-column field--type-text-long field--label-hidden field__item\">\n<p>Le projet de texte a \u00e9t\u00e9 pr\u00e9sent\u00e9 par le Costa Rica, les Maldives, le Maroc, la Slov\u00e9nie et la Suisse, \u00e0 l&rsquo;Assembl\u00e9e en juin dernier, suite \u00e0 l&rsquo;adoption d&rsquo;un texte similaire par le\u00a0<a href=\"https:\/\/news.un.org\/fr\/story\/2021\/10\/1105902\">Conseil des droits de l&rsquo;homme de l&rsquo;ONU en octobre 2021<\/a>.<\/p>\n<p>La r\u00e9solution reconna\u00eet le droit \u00e0 un environnement propre, sain et durable en tant que \u00ab\u00a0droit de l&rsquo;homme\u00a0\u00bb essentiel \u00e0 la pleine jouissance de tous les droits de l&rsquo;homme. Elle appelle, entre autres, les \u00c9tats et les organisations internationales \u00e0 adopter des politiques et \u00e0 intensifier leurs efforts pour garantir un environnement propre, sain et durable pour tous.<\/p>\n<p>Mais pourquoi est-il important que l&rsquo;ensemble des 193 membres des Nations Unies reconnaissent ce droit ? Que va signifier l&rsquo;adoption de cette r\u00e9solution pour les populations du monde entier ? Ce sont l\u00e0 quelques-unes des questions qu\u2019a pos\u00e9\u00a0<em>ONU Info<\/em>\u00a0lors de son entretien avec le Rapporteur sp\u00e9cial des Nations Unies sur les droits de l&rsquo;homme et l&rsquo;environnement, David Boyd.<\/p>\n<div class=\"context-un_news_full_width_credit_caption type-entermedia_image media media--type-entermedia-image media--view-mode-un-news-full-width-credit-caption\" data-quickedit-entity-id=\"media\/47567\">\n<div class=\"field field--name-thumbnail field--type-image field--label-hidden field__item\">\n<figure style=\"width: 742px\" class=\"wp-caption alignnone\"><img loading=\"lazy\" decoding=\"async\" class=\"\" title=\"L'une des plus grandes menaces pour nos oc\u00e9ans est la pollution d'origine humaine.\" src=\"https:\/\/global.unitednations.entermediadb.net\/assets\/mediadb\/services\/module\/asset\/downloads\/preset\/Libraries\/Production+Library\/31-10-2021_Ocean-Image_marine-pollution.jpg\/image1170x530cropped.jpg\" alt=\"L'une des plus grandes menaces pour nos oc\u00e9ans est la pollution d'origine humaine.\" width=\"742\" height=\"336\" \/><figcaption class=\"wp-caption-text\">Ocean Image Bank\/Thomas Horig<\/figcaption><\/figure>\n<\/div>\n<div class=\"field field--name-field-authors field--type-entity-reference field--label-hidden field__items\">\n<div class=\"field__item\"><\/div>\n<\/div>\n<div class=\"field field--name-field-title field--type-string field--label-hidden field__item\">L&rsquo;une des plus grandes menaces pour nos oc\u00e9ans est la pollution d&rsquo;origine humaine.<\/div>\n<\/div>\n<h3>Quelle action va \u00eatre entreprise par l&rsquo;Assembl\u00e9e g\u00e9n\u00e9rale ?<\/h3>\n<p>David Boyd : Il y aura probablement un vote sur la reconnaissance du droit \u00e0 un environnement propre, sain et durable. Ce droit n&rsquo;a pas \u00e9t\u00e9 inclus dans la D\u00e9claration universelle des droits de l&rsquo;homme en 1948. Il s&rsquo;agit donc d&rsquo;une r\u00e9solution historique qui va changer la nature m\u00eame du droit international des droits de l&rsquo;homme.<\/p>\n<div class=\"context-un_news_full_width_credit_caption type-entermedia_image media media--type-entermedia-image media--view-mode-un-news-full-width-credit-caption\" data-quickedit-entity-id=\"media\/47568\">\n<div class=\"field field--name-thumbnail field--type-image field--label-hidden field__item\">\n<figure style=\"width: 740px\" class=\"wp-caption alignnone\"><img loading=\"lazy\" decoding=\"async\" class=\"\" title=\"David Boyd, Rapporteur sp\u00e9cial sur les droits de l'homme et l'environnement.\" src=\"https:\/\/global.unitednations.entermediadb.net\/assets\/mediadb\/services\/module\/asset\/downloads\/preset\/Libraries\/Production+Library\/22-07-2022-UN-Photo-David-Boyd.jpg\/image1170x530cropped.jpg\" alt=\"David Boyd, Rapporteur sp\u00e9cial sur les droits de l'homme et l'environnement.\" width=\"740\" height=\"335\" \/><figcaption class=\"wp-caption-text\">Photo ONU\/Jean Marc Ferr\u00e9<\/figcaption><\/figure>\n<\/div>\n<div class=\"field field--name-field-authors field--type-entity-reference field--label-hidden field__items\">\n<div class=\"field__item\"><\/div>\n<\/div>\n<div class=\"field field--name-field-title field--type-string field--label-hidden field__item\">David Boyd, Rapporteur sp\u00e9cial sur les droits de l&rsquo;homme et l&rsquo;environnement.<\/div>\n<\/div>\n<h3>Pourquoi est-il important que les pays votent \u00ab\u00a0oui\u00a0\u00bb \u00e0 cette r\u00e9solution ?<\/h3>\n<p>C&rsquo;est important parce que face \u00e0 la triple crise environnementale \u00e0 laquelle nous sommes confront\u00e9s &#8211; le changement climatique rapide, la perte de biodiversit\u00e9 et la pollution toxique omnipr\u00e9sente qui tue 9 millions de personnes chaque ann\u00e9e &#8211; nous devons transformer la soci\u00e9t\u00e9, nous devons rapidement passer aux \u00e9nergies renouvelables.<\/p>\n<p>Nous devons \u00e9galement passer \u00e0 une \u00e9conomie circulaire, et nous devons d\u00e9sintoxiquer la soci\u00e9t\u00e9, et le droit \u00e0 un environnement sain est l&rsquo;un des outils les plus puissants dont nous disposons pour demander des comptes aux gouvernements.<\/p>\n<h3>Les r\u00e9solutions de l&rsquo;Assembl\u00e9e g\u00e9n\u00e9rale ne sont pas contraignantes, pour autant les pays n&rsquo;ont pas l&rsquo;obligation l\u00e9gale de s&rsquo;y conformer, alors comment pourraient-ils \u00eatre tenus responsables ?<\/h3>\n<p>Les pays n&rsquo;ont pas d&rsquo;obligation l\u00e9gale, mais ils ont une obligation morale.<\/p>\n<p>En 2010, l&rsquo;Assembl\u00e9e g\u00e9n\u00e9rale a adopt\u00e9 une r\u00e9solution reconnaissant pour la premi\u00e8re fois le droit de chacun \u00e0 l&rsquo;eau et \u00e0 l&rsquo;assainissement.<\/p>\n<p>Cette r\u00e9solution n&rsquo;\u00e9tait pas non plus juridiquement contraignante ou ex\u00e9cutoire, mais elle a \u00e9t\u00e9 le catalyseur d&rsquo;une cascade de changements positifs qui ont am\u00e9lior\u00e9 la vie de millions de personnes.<\/p>\n<p>En effet, les pays ont r\u00e9agi \u00e0 cette r\u00e9solution en modifiant leurs constitutions, leurs lois les plus \u00e9lev\u00e9es et les plus fortes. C&rsquo;est ce qu&rsquo;ont fait, entre autres, le Costa Rica, les Fidji, le Mexique, la Slov\u00e9nie et la Tunisie. Et surtout, les \u00c9tats ont vraiment fait de l&rsquo;ex\u00e9cution de leurs obligations en mati\u00e8re d&rsquo;approvisionnement en eau potable une priorit\u00e9 absolue.<\/p>\n<p>Ainsi, [par exemple] au Mexique, le gouvernement a non seulement reconnu ce droit dans sa Constitution, mais a travaill\u00e9 avec les communaut\u00e9s rurales pour fournir de l&rsquo;eau potable \u00e0 plus de 1.000 communaut\u00e9s rurales au cours de la derni\u00e8re d\u00e9cennie.<\/p>\n<p>Le Canada a \u00e9galement travaill\u00e9 avec les communaut\u00e9s autochtones pour am\u00e9liorer les infrastructures d&rsquo;eau et d&rsquo;assainissement dans plus de 130 communaut\u00e9s au cours de la derni\u00e8re d\u00e9cennie.<\/p>\n<p>Ces r\u00e9solutions peuvent donc sembler abstraites, mais elles sont un catalyseur pour l&rsquo;action et elles donnent aux gens ordinaires le pouvoir de demander des comptes \u00e0 leurs gouvernements d&rsquo;une mani\u00e8re tr\u00e8s puissante.<\/p>\n<div class=\"context-un_news_full_width_credit_caption type-entermedia_image media media--type-entermedia-image media--view-mode-un-news-full-width-credit-caption\" data-quickedit-entity-id=\"media\/47105\">\n<div class=\"field field--name-thumbnail field--type-image field--label-hidden field__item\">\n<figure style=\"width: 747px\" class=\"wp-caption alignnone\"><img loading=\"lazy\" decoding=\"async\" class=\"\" title=\"La r\u00e9gion de l'Amazonie, au Br\u00e9sil.\" src=\"https:\/\/global.unitednations.entermediadb.net\/assets\/mediadb\/services\/module\/asset\/downloads\/preset\/Libraries\/Production+Library\/10-06-2022-CIFOR-Brazil-rainforest.jpg\/image1170x530cropped.jpg\" alt=\"La r\u00e9gion de l'Amazonie, au Br\u00e9sil.\" width=\"747\" height=\"338\" \/><figcaption class=\"wp-caption-text\">\u00a9 CIAT\/Neil Palmer<\/figcaption><\/figure>\n<\/div>\n<div class=\"field field--name-field-authors field--type-entity-reference field--label-hidden field__items\">\n<div class=\"field__item\"><\/div>\n<\/div>\n<div class=\"field field--name-field-title field--type-string field--label-hidden field__item\">La r\u00e9gion de l&rsquo;Amazonie, au Br\u00e9sil.<\/div>\n<\/div>\n<h3>Le Conseil des droits de l&rsquo;homme a adopt\u00e9 le droit \u00e0 un environnement sain l&rsquo;ann\u00e9e derni\u00e8re. Avez-vous constat\u00e9 des changements au niveau national depuis lors ?<\/h3>\n<p>Je pense qu&rsquo;il y a eu des \u00e9volutions positives. Il est certain que l&rsquo;on parle plus que jamais du droit \u00e0 un environnement sain.<\/p>\n<p>Certains pays commencent \u00e0 l&rsquo;int\u00e9grer dans leur syst\u00e8me juridique et des quantit\u00e9s de personnes \u00e0 la base utilisent ce droit pour faire valoir que leur gouvernement devrait prendre des mesures plus \u00e9nergiques en faveur du climat, de la qualit\u00e9 de l&rsquo;air et de la biodiversit\u00e9 et des \u00e9cosyst\u00e8mes.<\/p>\n<p>L&rsquo;effet ne se fait pas sentir du jour au lendemain, mais nous commen\u00e7ons d\u00e9j\u00e0 \u00e0 en voir les premiers dividendes.<\/p>\n<h3>Quel est votre appel aux pays avant le vote ?<\/h3>\n<p>L&rsquo;id\u00e9al serait que tous les pays du monde co-parrainent cette r\u00e9solution et votent ensuite en sa faveur. Cela montrerait que tous les pays du monde comprennent l&rsquo;importance d&rsquo;un environnement sain pour l&rsquo;avenir de l&rsquo;humanit\u00e9.<\/p>\n<div class=\"context-un_news_full_width_credit_caption type-entermedia_image media media--type-entermedia-image media--view-mode-un-news-full-width-credit-caption\" data-quickedit-entity-id=\"media\/47569\">\n<div class=\"field field--name-thumbnail field--type-image field--label-hidden field__item\">\n<figure style=\"width: 740px\" class=\"wp-caption alignnone\"><img loading=\"lazy\" decoding=\"async\" class=\"\" title=\"Le passage aux \u00e9nergies renouvelables pourrait \u00e9viter 4 \u00e0 7 millions de d\u00e9c\u00e8s dus \u00e0 la pollution atmosph\u00e9rique chaque ann\u00e9e dans le monde.\" src=\"https:\/\/global.unitednations.entermediadb.net\/assets\/mediadb\/services\/module\/asset\/downloads\/preset\/Libraries\/Production+Library\/17-06-2022-Unsplash-solar-panels.jpg\/image1170x530cropped.jpg\" alt=\"Le passage aux \u00e9nergies renouvelables pourrait \u00e9viter 4 \u00e0 7 millions de d\u00e9c\u00e8s dus \u00e0 la pollution atmosph\u00e9rique chaque ann\u00e9e dans le monde.\" width=\"740\" height=\"335\" \/><figcaption class=\"wp-caption-text\">\u00a9 Unsplash<\/figcaption><\/figure>\n<\/div>\n<div class=\"field field--name-field-authors field--type-entity-reference field--label-hidden field__items\">\n<div class=\"field__item\"><\/div>\n<\/div>\n<div class=\"field field--name-field-title field--type-string field--label-hidden field__item\">Le passage aux \u00e9nergies renouvelables pourrait \u00e9viter 4 \u00e0 7 millions de d\u00e9c\u00e8s dus \u00e0 la pollution atmosph\u00e9rique chaque ann\u00e9e dans le monde.<\/div>\n<\/div>\n<h3>Un pays voterait-il \u00ab\u00a0non\u00a0\u00bb ? La mise en \u0153uvre de cette r\u00e9solution pose-t-elle des probl\u00e8mes ?<\/h3>\n<p>Les pays ont des d\u00e9fis diff\u00e9rents. Ainsi, certains pays ont une vision tr\u00e8s conservatrice des droits de l&rsquo;homme.<\/p>\n<p>D&rsquo;autres pays, qui sont de grands producteurs de p\u00e9trole et de gaz, ont peut-\u00eatre des craintes quant aux implications de la reconnaissance de ce droit.<\/p>\n<h3>Pourquoi le droit \u00e0 un environnement sain devrait-il \u00eatre reconnu comme un droit humain universel ?<\/h3>\n<p>La vie de tant de personnes sur cette plan\u00e8te est affect\u00e9e par la crise climatique et la d\u00e9gradation de l&rsquo;environnement. Des milliards de personnes respirent aujourd&rsquo;hui un air si pollu\u00e9 qu&rsquo;il va r\u00e9duire leur esp\u00e9rance de vie de plusieurs ann\u00e9es.<\/p>\n<p>Des milliards de personnes dans le monde n&rsquo;ont toujours pas acc\u00e8s \u00e0 l&rsquo;eau potable ou \u00e0 une quantit\u00e9 suffisante d&rsquo;eau. Des milliards de personnes dans le monde ne mangent pas des aliments sains et produits de mani\u00e8re durable, et nous souffrons tous du d\u00e9clin de la biodiversit\u00e9.<\/p>\n<p>Les gens doivent comprendre que la biodiversit\u00e9 est vraiment le fondement de la vie sur cette plan\u00e8te. Sans les plantes et les arbres qui produisent de l&rsquo;oxyg\u00e8ne, nous ne pourrions pas respirer. Sans les \u00e9cosyst\u00e8mes qui filtrent l&rsquo;eau, nous aurions de tr\u00e8s gros probl\u00e8mes.<\/p>\n<p>Et la r\u00e9alit\u00e9 est que nous avons besoin d&rsquo;un climat s\u00fbr et vivable pour nous \u00e9panouir en tant qu&rsquo;\u00eatres humains.<\/p>\n<p>C&rsquo;est pourquoi ce droit est d&rsquo;une importance capitale. Depuis des d\u00e9cennies, les gouvernements promettent de nettoyer l&rsquo;environnement et de faire face \u00e0 l&rsquo;urgence climatique, mais le droit \u00e0 un environnement sain change la perspective des gens : ils ne supplient plus les gouvernements d&rsquo;agir, ils exigent.<\/p>\n<h3>Que ferez-vous si la r\u00e9solution est adopt\u00e9e ?<\/h3>\n<p>Oh ! je sauterai de joie. Je serai tellement heureux et absolument ravi de la fa\u00e7on dont cela va augmenter et am\u00e9liorer la qualit\u00e9 de vie des gens sur toute la plan\u00e8te.<\/p>\n<div class=\"context-un_news_full_width_credit_caption type-entermedia_image media media--type-entermedia-image media--view-mode-un-news-full-width-credit-caption\" data-quickedit-entity-id=\"media\/34042\">\n<div class=\"field field--name-thumbnail field--type-image field--label-hidden field__item\">\n<figure style=\"width: 747px\" class=\"wp-caption alignnone\"><img loading=\"lazy\" decoding=\"async\" class=\"\" title=\"Une femme avec un parapluie marche sous la pluie dans un champ\" src=\"https:\/\/global.unitednations.entermediadb.net\/assets\/mediadb\/services\/module\/asset\/downloads\/preset\/assets\/2017\/04\/27140\/image1170x530cropped.jpg\" alt=\"Une femme avec un parapluie marche sous la pluie dans un champ\" width=\"747\" height=\"338\" \/><figcaption class=\"wp-caption-text\">OMM<\/figcaption><\/figure>\n<\/div>\n<div class=\"field field--name-field-authors field--type-entity-reference field--label-hidden field__items\">\n<div class=\"field__item\"><\/div>\n<\/div>\n<div class=\"field field--name-field-title field--type-string field--label-hidden field__item\">Une femme avec un parapluie marche sous la pluie dans un champ<\/div>\n<\/div>\n<h3>Un appel au sein des Nations Unies<\/h3>\n<p>D&rsquo;autres experts et Rapporteurs sp\u00e9ciaux des Nations Unies, la cheffe du Programme des Nations Unies pour l&rsquo;environnement (PNUE), Inger Andersen, ainsi que la Haute-commissaire aux droits de l&rsquo;homme, Michelle Bachelet, ont exprim\u00e9 leur soutien \u00e0 la reconnaissance du droit \u00e0 un environnement sain au cours des derniers mois.<\/p>\n<p>En juin dernier, les r\u00e9sultats de la conf\u00e9rence Stockholm+50 recommandaient \u00e9galement aux \u00c9tats de \u00ab\u00a0reconna\u00eetre et mettre en \u0153uvre le droit \u00e0 un environnement propre, sain et durable\u00a0\u00bb.<\/p>\n<p>Cette action figure \u00e9galement parmi les priorit\u00e9s du Secr\u00e9taire g\u00e9n\u00e9ral des Nations Unies,\u00a0<a href=\"https:\/\/www.un.org\/sg\/fr\/content\/sg\/biography\">Ant\u00f3nio Guterres<\/a>, comme en t\u00e9moignent Notre programme commun et l&rsquo;Appel \u00e0 l&rsquo;action pour les droits de l&rsquo;homme.<\/p>\n<h3>NOTE :<\/h3>\n<p><em>Les Rapporteurs sp\u00e9ciaux des Nations unies, tels que M. Boyd, sont charg\u00e9s de mandats th\u00e9matiques ou nationaux sp\u00e9cifiques par le Conseil des droits de l&rsquo;homme, dont le si\u00e8ge est \u00e0 Gen\u00e8ve, o\u00f9 ils rendent compte de leurs missions d&rsquo;enqu\u00eate ou de surveillance, g\u00e9n\u00e9ralement lors de l&rsquo;une des trois sessions ordinaires annuelles du forum. Les postes d&rsquo;experts au sein de la section des proc\u00e9dures sp\u00e9ciales du Conseil sont honorifiques et leurs titulaires ne sont pas r\u00e9mun\u00e9r\u00e9s pour leur travail.<\/em><\/p>\n<\/div>\n<\/div>\n<\/div>\n<\/div>\n<\/div>\n<\/div>\n<\/div>\n<\/div>\n<\/div>\n<\/div>\n<\/div>\n<\/div>\n<\/div>\n<\/div>\n<\/div>\n<\/div>\n<div class=\"tds-button td-fix-index\"><a class=\" tds-button1=\" href=\"https:\/\/news.un.org\/fr\/story\/2022\/07\/1124452\"><span class=\"couleur_bouton tdm-btn-text\">Consulter la source<\/span><\/a><\/div>\n<\/div>\n<\/div>\n","protected":false},"excerpt":{"rendered":"<p>Fin juillet, l&rsquo;Assembl\u00e9e g\u00e9n\u00e9rale des Nations Unies, l&rsquo;organe le plus repr\u00e9sentatif de l&rsquo;Organisation qui compte l\u2019ensemble de ses 193 membres, doit voter sur un projet de r\u00e9solution reconnaissant le droit des \u00eatres humains \u00e0 un environnement propre, sain et durable. Le projet de texte a \u00e9t\u00e9 pr\u00e9sent\u00e9 par le Costa Rica, les Maldives, le Maroc, [&hellip;]<\/p>\n","protected":false},"author":1,"featured_media":7788,"comment_status":"open","ping_status":"open","sticky":false,"template":"","format":"standard","meta":{"footnotes":""},"categories":[16],"tags":[],"class_list":{"0":"post-7784","1":"post","2":"type-post","3":"status-publish","4":"format-standard","5":"has-post-thumbnail","7":"category-organisations-internationales"},"_links":{"self":[{"href":"https:\/\/placedesnations.org\/index.php\/wp-json\/wp\/v2\/posts\/7784","targetHints":{"allow":["GET"]}}],"collection":[{"href":"https:\/\/placedesnations.org\/index.php\/wp-json\/wp\/v2\/posts"}],"about":[{"href":"https:\/\/placedesnations.org\/index.php\/wp-json\/wp\/v2\/types\/post"}],"author":[{"embeddable":true,"href":"https:\/\/placedesnations.org\/index.php\/wp-json\/wp\/v2\/users\/1"}],"replies":[{"embeddable":true,"href":"https:\/\/placedesnations.org\/index.php\/wp-json\/wp\/v2\/comments?post=7784"}],"version-history":[{"count":2,"href":"https:\/\/placedesnations.org\/index.php\/wp-json\/wp\/v2\/posts\/7784\/revisions"}],"predecessor-version":[{"id":7790,"href":"https:\/\/placedesnations.org\/index.php\/wp-json\/wp\/v2\/posts\/7784\/revisions\/7790"}],"wp:featuredmedia":[{"embeddable":true,"href":"https:\/\/placedesnations.org\/index.php\/wp-json\/wp\/v2\/media\/7788"}],"wp:attachment":[{"href":"https:\/\/placedesnations.org\/index.php\/wp-json\/wp\/v2\/media?parent=7784"}],"wp:term":[{"taxonomy":"category","embeddable":true,"href":"https:\/\/placedesnations.org\/index.php\/wp-json\/wp\/v2\/categories?post=7784"},{"taxonomy":"post_tag","embeddable":true,"href":"https:\/\/placedesnations.org\/index.php\/wp-json\/wp\/v2\/tags?post=7784"}],"curies":[{"name":"wp","href":"https:\/\/api.w.org\/{rel}","templated":true}]}}