{"id":8115,"date":"2025-02-03T23:17:50","date_gmt":"2025-02-03T23:17:50","guid":{"rendered":"https:\/\/placedesnations.org\/index.php\/2025\/02\/03\/starmer-nie-avoir-enfreint-les-regles-covid-avec-un-coach-vocal\/"},"modified":"2025-02-03T23:17:50","modified_gmt":"2025-02-03T23:17:50","slug":"starmer-nie-avoir-enfreint-les-regles-covid-avec-un-coach-vocal","status":"publish","type":"post","link":"https:\/\/placedesnations.org\/index.php\/2025\/02\/03\/starmer-nie-avoir-enfreint-les-regles-covid-avec-un-coach-vocal\/","title":{"rendered":"Starmer nie avoir enfreint les r\u00e8gles Covid avec un coach vocal."},"content":{"rendered":"<p>Sir Keir Starmer a ni\u00e9 que les r\u00e8gles de confinement aient \u00e9t\u00e9 enfreintes lorsqu&rsquo;un coach vocal \u00e9tait pr\u00e9sent lors de sa pr\u00e9paration pour une conf\u00e9rence de presse sur le Brexit.<\/p>\n<p>Leonie Mellinger a \u00e9t\u00e9 invit\u00e9e \u00e0 entra\u00eener le chef de l&rsquo;opposition de l&rsquo;\u00e9poque sur sa r\u00e9ponse \u00e0 l&rsquo;accord sur le Brexit de Boris Johnson, ce qui a conduit \u00e0 des accusations de violation potentielle des r\u00e8gles.<\/p>\n<p>Mme Mellinger a obtenu le statut de travailleuse essentielle et a \u00e9galement port\u00e9 un masque lors de sa visite au si\u00e8ge du Parti travailliste le soir de No\u00ebl en 2020, selon un livre sur l&rsquo;ascension du parti au pouvoir.<\/p>\n<p>Lorsqu&rsquo;on l&rsquo;a interrog\u00e9 en quittant une conf\u00e9rence de presse de l&rsquo;OTAN \u00e0 Bruxelles, le premier ministre a d\u00e9clar\u00e9 aux journalistes qu&rsquo;il n&rsquo;avait \u00ab\u00a0bien s\u00fbr\u00a0\u00bb pas enfreint les restrictions en place pendant la pand\u00e9mie de coronavirus.<\/p>\n<p>Johnson a annonc\u00e9 son accord sur le Brexit avec l&rsquo;UE le 24 d\u00e9cembre 2020, la m\u00eame semaine o\u00f9 il a plac\u00e9 Londres et le sud-est en confinement de niveau 4, interdisant aux foyers de se m\u00e9langer \u00e0 l&rsquo;int\u00e9rieur et annulant effectivement les c\u00e9l\u00e9brations de No\u00ebl pour beaucoup.<\/p>\n<p>Une f\u00eate de No\u00ebl \u00ab\u00a0jingle and mingle\u00a0\u00bb a eu lieu au si\u00e8ge du Parti conservateur et au moins trois rassemblements avec boissons ont eu lieu \u00e0 Downing Street pendant ces restrictions de confinement.<\/p>\n<p>Des d\u00e9tails sur la visite du coach vocal ont \u00e9t\u00e9 r\u00e9v\u00e9l\u00e9s dans des extraits de Get In, un livre sur le leadership de Sir Keir qui est publi\u00e9 en s\u00e9rie par le Sunday Times.<\/p>\n<p>L&rsquo;ancien ministre conservateur Richard Holden a \u00e9crit au premier ministre pour lui demander s&rsquo;il pensait que cela avait enfreint les restrictions, insistant sur le fait qu&rsquo;il avait des \u00ab\u00a0questions s\u00e9rieuses\u00a0\u00bb auxquelles r\u00e9pondre.<\/p>\n<p>Des journalistes, qui s&rsquo;\u00e9taient rendus en Belgique mais ne faisaient pas partie des trois journalistes s\u00e9lectionn\u00e9s pour poser une question, ont cri\u00e9 des questions demandant s&rsquo;il avait enfreint les r\u00e8gles alors que le Premier ministre quittait le podium.<\/p>\n<p>\u00ab Bien s\u00fbr que non \u00bb, r\u00e9pondit-il en s&rsquo;\u00e9loignant.<\/p>\n<p>De retour \u00e0 Londres, le porte-parole officiel du premier ministre avait refus\u00e9 \u00e0 plusieurs reprises de commenter les affirmations et, lorsqu&rsquo;on lui a demand\u00e9 si Sir Keir consid\u00e9rait le coach vocal comme un travailleur cl\u00e9, il a r\u00e9pondu : \u00ab\u00a0Je ne vais pas m&rsquo;impliquer dans une affaire concernant l&rsquo;opposition.\u00a0\u00bb<\/p>\n<p>\u00ab Le Premier ministre se concentre sur la r\u00e9alisation des priorit\u00e9s du gouvernement et des priorit\u00e9s du peuple. \u00bb<\/p>\n<p>Lorsqu&rsquo;on lui a demand\u00e9 s&rsquo;il utilisait toujours un coach vocal, le porte-parole a r\u00e9pondu : \u00ab Pas \u00e0 ma connaissance. \u00bb<\/p>\n<p>Dans une interview avec Times Radio, la ministre des normes scolaires, Catherine McKinnell, a d\u00e9clar\u00e9 que l&rsquo;incident contrastait \u00ab\u00a0assez nettement\u00a0\u00bb avec les f\u00eates organis\u00e9es \u00e0 Downing Street et au si\u00e8ge du Parti conservateur \u00e0 l&rsquo;\u00e9poque.<\/p>\n<p>\u00ab \u00c0 ma connaissance, aucune r\u00e8gle li\u00e9e au Covid n&rsquo;a \u00e9t\u00e9 enfreinte \u00bb, a-t-elle d\u00e9clar\u00e9 \u00e0 Times Radio.<\/p>\n<p>\u00ab\u00a0Les gens ont pu aller travailler et assumer des r\u00f4les vraiment importants, et c&rsquo;\u00e9tait clairement un moment tr\u00e8s important en Grande-Bretagne o\u00f9 une d\u00e9claration publique importante devait \u00eatre faite.\u00a0\u00bb<\/p>\n<p>Sir Keir et la vice-premi\u00e8re ministre Angela Rayner ont \u00e9t\u00e9 disculp\u00e9s d&rsquo;une suppos\u00e9e infraction aux r\u00e8gles de confinement en avril 2021.<\/p>\n<p>Inscrivez-vous \u00e0 notre newsletter Politics Essential pour lire les meilleures analyses politiques, obtenir des perspectives de tout le Royaume-Uni et rester inform\u00e9 des grands \u00e9v\u00e9nements.<\/p>\n<p>Il sera livr\u00e9 directement dans votre bo\u00eete de r\u00e9ception chaque jour de la semaine.<\/p>\n","protected":false},"excerpt":{"rendered":"<p>Sir Keir Starmer a ni\u00e9 que les r\u00e8gles de confinement aient \u00e9t\u00e9 enfreintes lorsqu&rsquo;un coach vocal \u00e9tait pr\u00e9sent lors de sa pr\u00e9paration pour une conf\u00e9rence de presse sur le Brexit. Leonie Mellinger a \u00e9t\u00e9 invit\u00e9e \u00e0 entra\u00eener le chef de l&rsquo;opposition de l&rsquo;\u00e9poque sur sa r\u00e9ponse \u00e0 l&rsquo;accord sur le Brexit de Boris Johnson, ce [&hellip;]<\/p>\n","protected":false},"author":0,"featured_media":8116,"comment_status":"open","ping_status":"open","sticky":false,"template":"","format":"standard","meta":{"footnotes":""},"categories":[1],"tags":[],"class_list":{"0":"post-8115","1":"post","2":"type-post","3":"status-publish","4":"format-standard","5":"has-post-thumbnail","7":"category-uncategorized"},"_links":{"self":[{"href":"https:\/\/placedesnations.org\/index.php\/wp-json\/wp\/v2\/posts\/8115","targetHints":{"allow":["GET"]}}],"collection":[{"href":"https:\/\/placedesnations.org\/index.php\/wp-json\/wp\/v2\/posts"}],"about":[{"href":"https:\/\/placedesnations.org\/index.php\/wp-json\/wp\/v2\/types\/post"}],"replies":[{"embeddable":true,"href":"https:\/\/placedesnations.org\/index.php\/wp-json\/wp\/v2\/comments?post=8115"}],"version-history":[{"count":0,"href":"https:\/\/placedesnations.org\/index.php\/wp-json\/wp\/v2\/posts\/8115\/revisions"}],"wp:featuredmedia":[{"embeddable":true,"href":"https:\/\/placedesnations.org\/index.php\/wp-json\/wp\/v2\/media\/8116"}],"wp:attachment":[{"href":"https:\/\/placedesnations.org\/index.php\/wp-json\/wp\/v2\/media?parent=8115"}],"wp:term":[{"taxonomy":"category","embeddable":true,"href":"https:\/\/placedesnations.org\/index.php\/wp-json\/wp\/v2\/categories?post=8115"},{"taxonomy":"post_tag","embeddable":true,"href":"https:\/\/placedesnations.org\/index.php\/wp-json\/wp\/v2\/tags?post=8115"}],"curies":[{"name":"wp","href":"https:\/\/api.w.org\/{rel}","templated":true}]}}