{"id":8168,"date":"2024-09-09T01:13:17","date_gmt":"2024-09-09T01:13:17","guid":{"rendered":"https:\/\/placedesnations.org\/index.php\/2024\/09\/09\/je-pleure-la-personne-que-jetais-avant-lenquete-sur-le-covid-entame-une-nouvelle-phase\/"},"modified":"2024-09-09T01:13:17","modified_gmt":"2024-09-09T01:13:17","slug":"je-pleure-la-personne-que-jetais-avant-lenquete-sur-le-covid-entame-une-nouvelle-phase","status":"publish","type":"post","link":"https:\/\/placedesnations.org\/index.php\/2024\/09\/09\/je-pleure-la-personne-que-jetais-avant-lenquete-sur-le-covid-entame-une-nouvelle-phase\/","title":{"rendered":"\u00ab Je pleure la personne que j&rsquo;\u00e9tais avant \u00bb &#8211; L&rsquo;enqu\u00eate sur le Covid entame une nouvelle phase"},"content":{"rendered":"<p>L&rsquo;enqu\u00eate publique sur la pand\u00e9mie d\u00e9butera lundi par dix semaines d&rsquo;audiences consacr\u00e9es \u00e0 l&rsquo;impact sur les patients, les travailleurs de la sant\u00e9 et le NHS dans son ensemble.<\/p>\n<p>Depuis l&rsquo;apparition du virus en 2020, plus d&rsquo;un million de patients atteints de la Covid ont \u00e9t\u00e9 admis \u00e0 l&rsquo;h\u00f4pital au Royaume-Uni, tandis que d&rsquo;innombrables autres ont vu leurs soins pour d&rsquo;autres affections perturb\u00e9s.<\/p>\n<p>La troisi\u00e8me phase de l&rsquo;enqu\u00eate examinera \u00e9galement l&rsquo;impact sur le personnel du NHS, l&rsquo;utilisation des masques et des \u00e9quipements de protection individuelle dans les h\u00f4pitaux, la politique de protection des personnes les plus vuln\u00e9rables et le traitement du Covid long.<\/p>\n<p>Et pour la premi\u00e8re fois, les r\u00e9cits de plus de 30 000 membres du personnel de sant\u00e9, patients et proches feront partie des \u00e9l\u00e9ments pr\u00e9sent\u00e9s comme preuves.<\/p>\n<p>BBC News a parl\u00e9 \u00e0 certains d&rsquo;entre eux.<\/p>\n<p>\u00ab C&rsquo;\u00e9tait absolument horrible. Nous \u00e9tions vraiment en difficult\u00e9, oblig\u00e9s de chercher des masques et des gants \u00bb, d\u00e9clare Mandi Masters, une sage-femme communautaire d&rsquo;Aylesbury dans le Buckinghamshire.<\/p>\n<p>\u00c0 ce stade pr\u00e9coce, le NHS, dit-elle, \u00ab travaillait \u00e0 l&rsquo;aveugle \u00bb alors que le virus se propageait de la Chine \u00e0 l&rsquo;Italie, puis au Royaume-Uni.<\/p>\n<p>Mandi a ensuite attrap\u00e9 le Covid elle-m\u00eame &#8211; elle est convaincue que c&rsquo;\u00e9tait au travail &#8211; et s&rsquo;est retrouv\u00e9e \u00e0 l&rsquo;h\u00f4pital sous oxyg\u00e8ne pendant trois semaines.<\/p>\n<p>\u00ab Mon mari m&rsquo;a emmen\u00e9e aux urgences, mais il a d\u00fb me laisser l\u00e0, faire demi-tour et s&rsquo;en aller \u00bb, dit-elle.<\/p>\n<p>\u00ab Les nouvelles annon\u00e7aient combien de professionnels de sant\u00e9 mouraient du Covid, mais j&rsquo;\u00e9tais tout simplement trop mal en point pour m&rsquo;en soucier \u00e0 ce moment-l\u00e0 \u00bb, dit-elle.<\/p>\n<p>\u00ab En y repensant, je dois admettre que c&rsquo;\u00e9tait extr\u00eamement effrayant. \u00bb<\/p>\n<p>Mandi, 62 ans, est maintenant retourn\u00e9e travailler \u00e0 temps partiel, mais elle a encore du mal \u00e0 reprendre son souffle apr\u00e8s une courte marche.<\/p>\n<p>Chaque rhume ou infection pulmonaire \u00ab\u00a0l&rsquo;\u00e9puise\u00a0\u00bb et elle \u00ab\u00a0pleure la personne que j&rsquo;\u00e9tais avant le Covid\u00a0\u00bb.<\/p>\n<p>La troisi\u00e8me section de l&rsquo;enqu\u00eate publique sur le Covid examinera en d\u00e9tail l&rsquo;impact sur les travailleurs de la sant\u00e9.<\/p>\n<p>Il couvrira \u00e9galement :<\/p>\n<p>Il doit examiner l&rsquo;impact sur le syst\u00e8me de sant\u00e9 dans son ensemble, y compris l&rsquo;augmentation marqu\u00e9e des retards et des listes d&rsquo;attente provoqu\u00e9e par la pand\u00e9mie.<\/p>\n<p>Lynda Ross, de Portadown, \u00e9tait programm\u00e9e pour une chirurgie de la colonne vert\u00e9brale au d\u00e9but de l&rsquo;ann\u00e9e 2020.<\/p>\n<p>Son op\u00e9ration a \u00e9t\u00e9 annul\u00e9e et, lorsqu&rsquo;elle a pu revoir son sp\u00e9cialiste, on lui a dit qu&rsquo;il \u00e9tait trop tard pour un traitement.<\/p>\n<p>\u00ab La cons\u00e9quence de cela est que je dois vivre ma vie avec un niveau de douleur qui m&rsquo;oblige \u00e0 prendre les m\u00eames m\u00e9dicaments qu&rsquo;une personne mourant d&rsquo;un cancer \u00bb, dit-elle.<\/p>\n<p>\u00ab\u00a0J&rsquo;ai l&rsquo;impression que le reste de ma vie a \u00e9t\u00e9 d\u00e9truit.\u00a0\u00bb<\/p>\n<p>Plus de 50 t\u00e9moins devraient d\u00e9poser au cours des 10 prochaines semaines, y compris des scientifiques, des experts m\u00e9dicaux, des professionnels de la sant\u00e9 et des politiciens.<\/p>\n<p>Covid-19 Bereaved Families for Justice UK, qui repr\u00e9sente plus de 7 000 proches, d\u00e9clare \u00eatre \u00ab\u00a0profond\u00e9ment pr\u00e9occup\u00e9\u00a0\u00bb par le fait que seulement deux des 23 t\u00e9moins qu&rsquo;elle a propos\u00e9s ont \u00e9t\u00e9 appel\u00e9s \u00e0 compara\u00eetre.<\/p>\n<p>\u00ab Sans notre contribution, l&rsquo;enqu\u00eate risque de r\u00e9p\u00e9ter les erreurs commises pendant la pand\u00e9mie en ne prenant pas en compte l&rsquo;exp\u00e9rience v\u00e9cue des familles ordinaires \u00bb, a d\u00e9clar\u00e9 sa porte-parole Rivka Gottlieb.<\/p>\n<p>L&rsquo;enqu\u00eate indique qu&rsquo;elle permet au public de contribuer en ligne \u00e0 son projet Every Story Matters, et a organis\u00e9 jusqu&rsquo;\u00e0 pr\u00e9sent 20 \u00e9v\u00e9nements en personne dans les centres-villes \u00e0 travers le Royaume-Uni.<\/p>\n<p>Les r\u00e9cits de plus de 30 000 travailleurs de la sant\u00e9, patients et proches ont \u00e9t\u00e9 rassembl\u00e9s dans un document \u00e9crit de 200 pages qui sera pr\u00e9sent\u00e9 comme preuve lundi.<\/p>\n<p>Le secr\u00e9taire de l&rsquo;enqu\u00eate, Ben Connah, a d\u00e9clar\u00e9 que le document ne pouvait pas remplacer les t\u00e9moignages individuels, mais qu&rsquo;il permettait \u00e0 un grand nombre de personnes de contribuer de mani\u00e8re anonyme &#8211; \u00ab\u00a0certaines d&rsquo;entre elles ne souhaitant pas t\u00e9moigner formellement dans une salle d&rsquo;audience franchement intimidante\u00a0\u00bb.<\/p>\n<p>L&rsquo;enqu\u00eate publique, qui sera probablement l&rsquo;une des plus co\u00fbteuses de l&rsquo;histoire juridique, a \u00e9t\u00e9 divis\u00e9e en neuf sections diff\u00e9rentes, chacune d&rsquo;elles entendra des t\u00e9moins et pr\u00e9sentera ses conclusions s\u00e9par\u00e9ment.<\/p>\n<p>La baronne Hallett, qui pr\u00e9side l&rsquo;enqu\u00eate, a d\u00e9j\u00e0 recueilli des t\u00e9moignages sur la planification de la pand\u00e9mie et la prise de d\u00e9cisions politiques. Les prochaines sections devraient porter sur le d\u00e9ploiement des vaccins, le secteur des soins, le d\u00e9pistage et le tra\u00e7age, l&rsquo;impact sur les enfants et l&rsquo;\u00e9conomie.<\/p>\n<p>Traitements et arri\u00e9r\u00e9s<\/p>\n","protected":false},"excerpt":{"rendered":"<p>L&rsquo;enqu\u00eate publique sur la pand\u00e9mie d\u00e9butera lundi par dix semaines d&rsquo;audiences consacr\u00e9es \u00e0 l&rsquo;impact sur les patients, les travailleurs de la sant\u00e9 et le NHS dans son ensemble. Depuis l&rsquo;apparition du virus en 2020, plus d&rsquo;un million de patients atteints de la Covid ont \u00e9t\u00e9 admis \u00e0 l&rsquo;h\u00f4pital au Royaume-Uni, tandis que d&rsquo;innombrables autres ont [&hellip;]<\/p>\n","protected":false},"author":0,"featured_media":8169,"comment_status":"open","ping_status":"open","sticky":false,"template":"","format":"standard","meta":{"footnotes":""},"categories":[1],"tags":[],"class_list":{"0":"post-8168","1":"post","2":"type-post","3":"status-publish","4":"format-standard","5":"has-post-thumbnail","7":"category-uncategorized"},"_links":{"self":[{"href":"https:\/\/placedesnations.org\/index.php\/wp-json\/wp\/v2\/posts\/8168","targetHints":{"allow":["GET"]}}],"collection":[{"href":"https:\/\/placedesnations.org\/index.php\/wp-json\/wp\/v2\/posts"}],"about":[{"href":"https:\/\/placedesnations.org\/index.php\/wp-json\/wp\/v2\/types\/post"}],"replies":[{"embeddable":true,"href":"https:\/\/placedesnations.org\/index.php\/wp-json\/wp\/v2\/comments?post=8168"}],"version-history":[{"count":0,"href":"https:\/\/placedesnations.org\/index.php\/wp-json\/wp\/v2\/posts\/8168\/revisions"}],"wp:featuredmedia":[{"embeddable":true,"href":"https:\/\/placedesnations.org\/index.php\/wp-json\/wp\/v2\/media\/8169"}],"wp:attachment":[{"href":"https:\/\/placedesnations.org\/index.php\/wp-json\/wp\/v2\/media?parent=8168"}],"wp:term":[{"taxonomy":"category","embeddable":true,"href":"https:\/\/placedesnations.org\/index.php\/wp-json\/wp\/v2\/categories?post=8168"},{"taxonomy":"post_tag","embeddable":true,"href":"https:\/\/placedesnations.org\/index.php\/wp-json\/wp\/v2\/tags?post=8168"}],"curies":[{"name":"wp","href":"https:\/\/api.w.org\/{rel}","templated":true}]}}