{"id":8366,"date":"2025-03-11T13:00:38","date_gmt":"2025-03-11T13:00:38","guid":{"rendered":"https:\/\/placedesnations.org\/index.php\/2025\/03\/11\/windass-la-demence-me-fait-peur-nous-avons-besoin-de-plus-daide\/"},"modified":"2025-03-11T13:00:38","modified_gmt":"2025-03-11T13:00:38","slug":"windass-la-demence-me-fait-peur-nous-avons-besoin-de-plus-daide","status":"publish","type":"post","link":"https:\/\/placedesnations.org\/index.php\/2025\/03\/11\/windass-la-demence-me-fait-peur-nous-avons-besoin-de-plus-daide\/","title":{"rendered":"Windass : \u00ab La d\u00e9mence me fait peur, nous avons besoin de plus d&rsquo;aide \u00bb"},"content":{"rendered":"<p>L&rsquo;ancien footballeur Dean Windass d\u00e9clare qu&rsquo;il a peur pour l&rsquo;avenir apr\u00e8s avoir re\u00e7u un diagnostic de d\u00e9mence de stade deux et souhaite davantage de soutien pour les autres joueurs et leurs familles dans la m\u00eame situation.<\/p>\n<p>L&rsquo;homme de 55 ans, qui a jou\u00e9 pour 12 clubs au cours d&rsquo;une carri\u00e8re professionnelle de 19 ans, a \u00e9t\u00e9 diagnostiqu\u00e9 l&rsquo;ann\u00e9e derni\u00e8re et la nouvelle a \u00e9t\u00e9 annonc\u00e9e en janvier.<\/p>\n<p>Windass a d\u00e9clar\u00e9 \u00e0 BBC Newsnight qu&rsquo;il essayait de ne pas laisser la maladie l&rsquo;affecter, mais qu&rsquo;il \u00ab\u00a0pleure de temps en temps\u00a0\u00bb.<\/p>\n<p>\u00ab \u00c7a me fait peur, \u00bb admit-il. \u00ab Je ne sais pas quel sera le r\u00e9sultat. Interviewez-moi dans dix ans et je pourrais vous raconter une autre histoire. \u00bb<\/p>\n<p>La d\u00e9mence de stade deux est une phase pr\u00e9coce du syndrome au cours de laquelle les personnes pr\u00e9sentent un d\u00e9clin cognitif tr\u00e8s l\u00e9ger, pouvant inclure quelques l\u00e9gers oublis.<\/p>\n<p>Windass a d\u00e9clar\u00e9 que c&rsquo;\u00e9tait \u00ab \u00e9mouvant \u00bb pour lui lorsqu&rsquo;il a pass\u00e9 des tests et, bien qu&rsquo;il ne sache pas ce que l&rsquo;avenir lui r\u00e9serve, il a dit qu&rsquo;il essayait de vivre une vie aussi normale que possible.<\/p>\n<p>Il a ajout\u00e9 : \u00ab Je ne peux rien faire. On ne peut pas remonter le temps, alors il faut juste g\u00e9rer la situation du mieux possible. \u00bb<\/p>\n<p>\u00ab\u00a0Esp\u00e9rons que dans les cinq ou dix prochaines ann\u00e9es, cela ne se d\u00e9veloppe pas. Cela pourrait arriver, mais peut-\u00eatre pas. Alors, vous vous levez le matin et vous vivez. Vous essayez de vivre votre vie normalement.\u00a0\u00bb<\/p>\n<p>Windass faisait partie de l&rsquo;\u00e9quipe de Bradford City qui a \u00e9t\u00e9 promue en Premier League en 1999 et a inscrit son nom dans le folklore de Hull City en marquant l&rsquo;unique but lors de la finale des barrages de Championship \u00e0 Wembley en 2008.<\/p>\n<p>Il a \u00e9galement jou\u00e9 \u00e0 Aberdeen, Oxford, Middlesbrough et Sheffield United au cours d&rsquo;une carri\u00e8re qui l&rsquo;a vu accumuler plus de 700 apparitions et marquer plus de 230 buts.<\/p>\n<p>\u00ab S&rsquo;ils avaient dit [en jouant] qu&rsquo;en dix ans, il se pourrait que vous ayez une forme de d\u00e9mence, j&rsquo;aurais r\u00e9pondu &lsquo;eh bien, je ne vais pas frapper ce ballon de la t\u00eate alors&rsquo;, \u00bb a ajout\u00e9 Windass.<\/p>\n<p>\u00ab\u00a0Je ne l&rsquo;aurais probablement pas fait autant \u00e0 l&rsquo;entra\u00eenement\u2026 [Je] y r\u00e9fl\u00e9chirais probablement \u00e0 deux fois.\u00a0\u00bb<\/p>\n<p>Dans sa premi\u00e8re interview diffus\u00e9e depuis le diagnostic, Windass a parl\u00e9 ouvertement de l&rsquo;impact que cette nouvelle avait sur sa sant\u00e9 mentale et sur sa famille.<\/p>\n<p>Il a dit qu&rsquo;il croyait que son diagnostic \u00e9tait directement li\u00e9 au fait d&rsquo;avoir frapp\u00e9 le ballon de la t\u00eate \u00e0 plusieurs reprises, et il s&rsquo;inqui\u00e9tait pour ses deux fils, Josh et Jordan, qui sont tous deux footballeurs.<\/p>\n<p>\u00ab Je ne veux pas qu&rsquo;ils s&rsquo;inqui\u00e8tent parce qu&rsquo;en ce moment je vais bien \u00bb, a-t-il expliqu\u00e9.<\/p>\n<p>Une \u00e9tude de l&rsquo;Universit\u00e9 de Glasgow en 2019 a r\u00e9v\u00e9l\u00e9 que les anciens footballeurs professionnels \u00e9taient presque trois fois et demie plus susceptibles d&rsquo;\u00eatre diagnostiqu\u00e9s avec une d\u00e9mence que la population g\u00e9n\u00e9rale.<\/p>\n<p>Windass a d\u00e9clar\u00e9 qu&rsquo;il souhaitait sensibiliser \u00e0 la d\u00e9mence et inciter le syndicat des joueurs, la Professional Footballers&rsquo; Association (PFA), \u00e0 accro\u00eetre son soutien aux joueurs touch\u00e9s et \u00e0 leurs familles.<\/p>\n<p>\u00ab La seule chose que j&rsquo;aime chez moi, c&rsquo;est d&rsquo;essayer d&rsquo;aider autant de personnes que possible de toutes les mani\u00e8res possibles \u00bb, a-t-il ajout\u00e9.<\/p>\n<p>\u00ab La raison pour laquelle nous avons fait cette [interview] est d&rsquo;aider les familles, car ma famille pourrait avoir besoin d&rsquo;aide dans 10 ou 15 ans. Je ne veux donc pas qu&rsquo;ils souffrent non plus. \u00bb<\/p>\n<p>\u00ab\u00a0\u00c0 l&rsquo;heure actuelle, si je peux aider ou si nous pouvons aider les gens et pousser la PFA \u00e0 aider ces personnes&#8230; c&rsquo;est ce que nous essayons de faire et d&rsquo;accomplir.\u00a0\u00bb<\/p>\n<p>La PFA a d\u00e9clar\u00e9 avoir investi plus de 1 million de livres sterling dans son fonds pour la sant\u00e9 c\u00e9r\u00e9brale apr\u00e8s qu&rsquo;un groupe de 30 anciens footballeurs et leurs familles a engag\u00e9 une action en justice en 2022 contre les instances dirigeantes du football, affirmant qu&rsquo;elles n&rsquo;avaient pas r\u00e9ussi \u00e0 les prot\u00e9ger des l\u00e9sions c\u00e9r\u00e9brales.<\/p>\n<p>Windass est impliqu\u00e9 dans la r\u00e9clamation.<\/p>\n<p>Selon la PFA, son fonds vise \u00e0 fournir un soutien \u00e0 l&rsquo;\u00e9chelle de l&rsquo;industrie aux joueurs atteints de d\u00e9mence et d&rsquo;autres maladies neurod\u00e9g\u00e9n\u00e9ratives.<\/p>\n<p>Windass fait partie du groupe Football Families for Justice (FFJ), une organisation b\u00e9n\u00e9vole d\u00e9di\u00e9e \u00e0 la d\u00e9fense des droits et du bien-\u00eatre des anciens joueurs atteints de maladies neurod\u00e9g\u00e9n\u00e9ratives.<\/p>\n<p>Fait \u00e9galement partie du groupe l&rsquo;ancien d\u00e9fenseur de Manchester United et Blackburn, David May, qui a annonc\u00e9 la nouvelle du diagnostic de Windass.<\/p>\n<p>Il a dit qu&rsquo;il esp\u00e8re qu&rsquo;en en parlant, Windass pourra aider d&rsquo;autres personnes \u00e0 l&rsquo;avenir.<\/p>\n<p>May a dit : \u00ab Quand j&rsquo;ai demand\u00e9 \u00e0 Deano si je pouvais en parler, je ne pensais pas que cela deviendrait aussi viral que \u00e7a l&rsquo;a \u00e9t\u00e9. \u00bb<\/p>\n<p>\u00ab\u00a0Et d&rsquo;une certaine mani\u00e8re, c&rsquo;est une v\u00e9ritable b\u00e9n\u00e9diction car d&rsquo;autres personnes peuvent b\u00e9n\u00e9ficier du fait que Deano en parle ouvertement.\u00a0\u00bb<\/p>\n<p>Il parle de 10 ou 15 ans \u00e0 partir de maintenant, il veut des garanties que dans 10 ou 15 ans ces plans seront mis en place, afin qu&rsquo;il n&rsquo;ait pas \u00e0 compter sur sa famille et qu&rsquo;il y ait des aidants pour l&rsquo;aider.<\/p>\n<p>L&rsquo;interview compl\u00e8te est diffus\u00e9e sur Newsnight \u00e0 22h30 GMT et disponible sur le BBC iPlayer.<\/p>\n<p>\u00c9coutez les moments forts de Hull et East Yorkshire sur BBC Sounds, regardez le dernier \u00e9pisode de Look North ou parlez-nous d&rsquo;une histoire que vous pensez que nous devrions couvrir ici.<\/p>\n<p>R\u00e9assurances concernant l&rsquo;avenir<\/p>\n","protected":false},"excerpt":{"rendered":"<p>L&rsquo;ancien footballeur Dean Windass d\u00e9clare qu&rsquo;il a peur pour l&rsquo;avenir apr\u00e8s avoir re\u00e7u un diagnostic de d\u00e9mence de stade deux et souhaite davantage de soutien pour les autres joueurs et leurs familles dans la m\u00eame situation. L&rsquo;homme de 55 ans, qui a jou\u00e9 pour 12 clubs au cours d&rsquo;une carri\u00e8re professionnelle de 19 ans, a [&hellip;]<\/p>\n","protected":false},"author":0,"featured_media":8367,"comment_status":"open","ping_status":"open","sticky":false,"template":"","format":"standard","meta":{"footnotes":""},"categories":[1],"tags":[],"class_list":{"0":"post-8366","1":"post","2":"type-post","3":"status-publish","4":"format-standard","5":"has-post-thumbnail","7":"category-uncategorized"},"_links":{"self":[{"href":"https:\/\/placedesnations.org\/index.php\/wp-json\/wp\/v2\/posts\/8366","targetHints":{"allow":["GET"]}}],"collection":[{"href":"https:\/\/placedesnations.org\/index.php\/wp-json\/wp\/v2\/posts"}],"about":[{"href":"https:\/\/placedesnations.org\/index.php\/wp-json\/wp\/v2\/types\/post"}],"replies":[{"embeddable":true,"href":"https:\/\/placedesnations.org\/index.php\/wp-json\/wp\/v2\/comments?post=8366"}],"version-history":[{"count":0,"href":"https:\/\/placedesnations.org\/index.php\/wp-json\/wp\/v2\/posts\/8366\/revisions"}],"wp:featuredmedia":[{"embeddable":true,"href":"https:\/\/placedesnations.org\/index.php\/wp-json\/wp\/v2\/media\/8367"}],"wp:attachment":[{"href":"https:\/\/placedesnations.org\/index.php\/wp-json\/wp\/v2\/media?parent=8366"}],"wp:term":[{"taxonomy":"category","embeddable":true,"href":"https:\/\/placedesnations.org\/index.php\/wp-json\/wp\/v2\/categories?post=8366"},{"taxonomy":"post_tag","embeddable":true,"href":"https:\/\/placedesnations.org\/index.php\/wp-json\/wp\/v2\/tags?post=8366"}],"curies":[{"name":"wp","href":"https:\/\/api.w.org\/{rel}","templated":true}]}}