{"id":8415,"date":"2025-03-17T18:00:10","date_gmt":"2025-03-17T18:00:10","guid":{"rendered":"https:\/\/placedesnations.org\/index.php\/2025\/03\/17\/la-reforme-des-prestations-garantira-lequite-declare-le-ministre-tandis-que-les-opposants-critiquent-les-reductions-prevues\/"},"modified":"2025-03-17T18:00:10","modified_gmt":"2025-03-17T18:00:10","slug":"la-reforme-des-prestations-garantira-lequite-declare-le-ministre-tandis-que-les-opposants-critiquent-les-reductions-prevues","status":"publish","type":"post","link":"https:\/\/placedesnations.org\/index.php\/2025\/03\/17\/la-reforme-des-prestations-garantira-lequite-declare-le-ministre-tandis-que-les-opposants-critiquent-les-reductions-prevues\/","title":{"rendered":"La r\u00e9forme des prestations garantira l&rsquo;\u00e9quit\u00e9, d\u00e9clare le ministre, tandis que les opposants critiquent les r\u00e9ductions pr\u00e9vues."},"content":{"rendered":"<p>La secr\u00e9taire au travail et aux pensions a insist\u00e9 sur le fait que sa r\u00e9forme pr\u00e9vue des r\u00e8gles des prestations sera \u00e9quitable, alors que les d\u00e9put\u00e9s travaillistes attendent des d\u00e9tails sur les r\u00e9ductions des aides sociales pr\u00e9vues.<\/p>\n<p>Liz Kendall a d\u00e9clar\u00e9 que les plans, qui seront publi\u00e9s mardi, mettraient les d\u00e9penses croissantes en mati\u00e8re de prestations sur une base \u00ab\u00a0durable\u00a0\u00bb.<\/p>\n<p>Le gouvernement insiste sur le fait que des changements sont n\u00e9cessaires pour r\u00e9duire les d\u00e9penses croissantes en prestations de sant\u00e9, qui devraient continuer \u00e0 augmenter dans les ann\u00e9es \u00e0 venir.<\/p>\n<p>Cependant, cette d\u00e9cision a rencontr\u00e9 de l&rsquo;opposition au sein des rangs travaillistes et a d\u00e9j\u00e0 conduit des associations caritatives \u00e0 avertir des cons\u00e9quences potentielles pour les demandeurs vuln\u00e9rables.<\/p>\n<p>Les ministres ont d\u00e9j\u00e0 abandonn\u00e9 les projets de gel d&rsquo;un an des paiements de PIP, apr\u00e8s l&rsquo;inqui\u00e9tude des d\u00e9put\u00e9s.<\/p>\n<p>Les propositions qui seront d\u00e9voil\u00e9es mardi sont le fruit de mois de travail visant \u00e0 r\u00e9duire l&rsquo;augmentation des demandes de prestations li\u00e9es \u00e0 la sant\u00e9 \u00e0 la suite de la pand\u00e9mie de Covid et \u00e0 s&rsquo;assurer que le syst\u00e8me ne pi\u00e8ge pas certains b\u00e9n\u00e9ficiaires en dehors du march\u00e9 du travail.<\/p>\n<p>Mais ils sont d\u00e9voil\u00e9s dans un contexte de pr\u00e9visions \u00e9conomiques en d\u00e9t\u00e9rioration, ce qui a accru la n\u00e9cessit\u00e9 de r\u00e9aliser des \u00e9conomies pour permettre au gouvernement de respecter ses r\u00e8gles auto-impos\u00e9es concernant les emprunts et les d\u00e9penses futurs.<\/p>\n<p>On s&rsquo;attend \u00e0 ce que les ministres abandonnent les projets de ne pas augmenter les allocations d&rsquo;ind\u00e9pendance personnelle (PIP), le principal avantage pour les personnes handicap\u00e9es en Angleterre et au Pays de Galles, en fonction de l&rsquo;inflation l&rsquo;ann\u00e9e prochaine, apr\u00e8s des objections au sein du parti travailliste.<\/p>\n<p>On pense que les changements annonc\u00e9s mardi se concentreront d\u00e9sormais sur l&rsquo;\u00e9ligibilit\u00e9 au PIP, que les b\u00e9n\u00e9ficiaires r\u00e9clament apr\u00e8s une \u00e9valuation pour aider \u00e0 couvrir les co\u00fbts de la vie quotidienne li\u00e9s \u00e0 des probl\u00e8mes de sant\u00e9 physique ou mentale \u00e0 long terme.<\/p>\n<p>Les d\u00e9penses li\u00e9es au PIP, qui est per\u00e7u par certaines personnes en emploi, constituent le deuxi\u00e8me plus grand \u00e9l\u00e9ment du budget des prestations sociales pour les personnes en \u00e2ge de travailler et devraient presque doubler pour atteindre 34 milliards de livres sterling d&rsquo;ici 2029-2030.<\/p>\n<p>Les paiements compl\u00e9mentaires dans le cadre du Cr\u00e9dit Universel, li\u00e9s \u00e0 la sant\u00e9 des b\u00e9n\u00e9ficiaires, devraient \u00e9galement figurer dans les plans. Une partie de l&rsquo;argent \u00e9conomis\u00e9 devrait \u00eatre consacr\u00e9e \u00e0 aider les demandeurs d&#8217;emploi \u00e0 retrouver du travail.<\/p>\n<p>S&rsquo;exprimant aux Communes, le ministre de la S\u00e9curit\u00e9 sociale, Sir Stephen Timms, a d\u00e9clar\u00e9 que le programme viserait \u00e0 s&rsquo;attaquer aux \u00ab\u00a0incitations \u00e0 l&rsquo;inactivit\u00e9\u00a0\u00bb dans le syst\u00e8me.<\/p>\n<p>Bien qu&rsquo;il n&rsquo;ait pas donn\u00e9 de d\u00e9tails, il a d\u00e9clar\u00e9 que les changements propos\u00e9s par le gouvernement favoriseraient un soutien plus \u00ab\u00a0personnalis\u00e9\u00a0\u00bb pour aider les b\u00e9n\u00e9ficiaires \u00e0 trouver des opportunit\u00e9s d&#8217;emploi.<\/p>\n<p>Mais il a admis que les sp\u00e9culations avant l&rsquo;annonce officielle avaient \u00e9t\u00e9 une source d&rsquo;\u00ab anxi\u00e9t\u00e9 \u00bb pour les demandeurs, ajoutant : \u00ab Je suis triste que cela soit arriv\u00e9 et que des gens aient \u00e9t\u00e9 pr\u00e9occup\u00e9s. \u00bb<\/p>\n<p>Kendall a d\u00e9clar\u00e9 que le gouvernement ne \u00ab\u00a0reculerait pas devant les d\u00e9cisions que nous jugeons justes pour offrir des opportunit\u00e9s aux personnes qui peuvent travailler\u00a0\u00bb, mais qu&rsquo;il maintiendrait \u00e9galement \u00ab\u00a0la s\u00e9curit\u00e9 pour celles qui ne le peuvent pas\u00a0\u00bb.<\/p>\n<p>Elle a ajout\u00e9 que les changements garantiraient \u00ab la confiance et l&rsquo;\u00e9quit\u00e9 dans le syst\u00e8me de s\u00e9curit\u00e9 sociale, et qu&rsquo;il soit l\u00e0 pour les personnes qui en ont besoin maintenant et pour les ann\u00e9es \u00e0 venir. \u00bb<\/p>\n<p>Les d\u00e9put\u00e9s travaillistes ont \u00e9t\u00e9 invit\u00e9s \u00e0 des r\u00e9unions d&rsquo;information par Downing Street au cours de la semaine derni\u00e8re, mais de nombreuses inqui\u00e9tudes subsistent parmi les d\u00e9put\u00e9s d&rsquo;arri\u00e8re-ban.<\/p>\n<p>La secr\u00e9taire d&rsquo;\u00c9tat fant\u00f4me du Travail et des Pensions des Conservateurs, Helen Whately, a interrog\u00e9 Kendall sur des rapports concernant le malaise au sein du Cabinet.<\/p>\n<p>Mme Whately a demand\u00e9 au ministre s&rsquo;il y avait un \u00ab\u00a0accord collectif\u00a0\u00bb sur les plans, ce \u00e0 quoi Kendall a r\u00e9pondu que Whately devrait \u00ab\u00a0faire preuve d&rsquo;un peu de patience\u00a0\u00bb.<\/p>\n<p>Les d\u00e9penses totales pour les prestations de sant\u00e9 et d&rsquo;invalidit\u00e9 devraient passer de 64,7 milliards de livres sterling en 2023-2024 \u00e0 100,7 milliards de livres sterling en 2029-2030.<\/p>\n<p>Selon l&rsquo;Office for Budget Responsibility, le principal contributeur \u00e0 cela serait les d\u00e9penses de protection sociale pour les adultes en \u00e2ge de travailler.<\/p>\n<p>Le nombre de b\u00e9n\u00e9ficiaires des allocations PIP et du Cr\u00e9dit Universel a consid\u00e9rablement augment\u00e9 au cours des quatre ann\u00e9es depuis la pand\u00e9mie, en raison d&rsquo;une hausse des demandes li\u00e9es principalement \u00e0 des probl\u00e8mes mentaux et comportementaux.<\/p>\n<p>Le pr\u00e9c\u00e9dent gouvernement conservateur avait envisag\u00e9 de rendre plus difficile pour les jeunes souffrant de troubles mentaux de demander le PIP.<\/p>\n<p>Mais aucune proposition d\u00e9taill\u00e9e n&rsquo;a \u00e9t\u00e9 annonc\u00e9e avant les \u00e9lections g\u00e9n\u00e9rales de juillet dernier, lors desquelles le Parti travailliste est revenu au pouvoir apr\u00e8s 14 ans d&rsquo;absence.<\/p>\n<p>\u00ab S&rsquo;est enferm\u00e9 \u00bb<\/p>\n","protected":false},"excerpt":{"rendered":"<p>La secr\u00e9taire au travail et aux pensions a insist\u00e9 sur le fait que sa r\u00e9forme pr\u00e9vue des r\u00e8gles des prestations sera \u00e9quitable, alors que les d\u00e9put\u00e9s travaillistes attendent des d\u00e9tails sur les r\u00e9ductions des aides sociales pr\u00e9vues. Liz Kendall a d\u00e9clar\u00e9 que les plans, qui seront publi\u00e9s mardi, mettraient les d\u00e9penses croissantes en mati\u00e8re de [&hellip;]<\/p>\n","protected":false},"author":0,"featured_media":8416,"comment_status":"open","ping_status":"open","sticky":false,"template":"","format":"standard","meta":{"footnotes":""},"categories":[1],"tags":[],"class_list":{"0":"post-8415","1":"post","2":"type-post","3":"status-publish","4":"format-standard","5":"has-post-thumbnail","7":"category-uncategorized"},"_links":{"self":[{"href":"https:\/\/placedesnations.org\/index.php\/wp-json\/wp\/v2\/posts\/8415","targetHints":{"allow":["GET"]}}],"collection":[{"href":"https:\/\/placedesnations.org\/index.php\/wp-json\/wp\/v2\/posts"}],"about":[{"href":"https:\/\/placedesnations.org\/index.php\/wp-json\/wp\/v2\/types\/post"}],"replies":[{"embeddable":true,"href":"https:\/\/placedesnations.org\/index.php\/wp-json\/wp\/v2\/comments?post=8415"}],"version-history":[{"count":0,"href":"https:\/\/placedesnations.org\/index.php\/wp-json\/wp\/v2\/posts\/8415\/revisions"}],"wp:featuredmedia":[{"embeddable":true,"href":"https:\/\/placedesnations.org\/index.php\/wp-json\/wp\/v2\/media\/8416"}],"wp:attachment":[{"href":"https:\/\/placedesnations.org\/index.php\/wp-json\/wp\/v2\/media?parent=8415"}],"wp:term":[{"taxonomy":"category","embeddable":true,"href":"https:\/\/placedesnations.org\/index.php\/wp-json\/wp\/v2\/categories?post=8415"},{"taxonomy":"post_tag","embeddable":true,"href":"https:\/\/placedesnations.org\/index.php\/wp-json\/wp\/v2\/tags?post=8415"}],"curies":[{"name":"wp","href":"https:\/\/api.w.org\/{rel}","templated":true}]}}