{"id":8419,"date":"2025-03-18T04:29:13","date_gmt":"2025-03-18T04:29:13","guid":{"rendered":"https:\/\/placedesnations.org\/index.php\/2025\/03\/18\/certains-beneficiaires-du-pip-pourraient-etre-perdants-en-raison-des-reductions-des-aides-sociales\/"},"modified":"2025-03-18T04:29:13","modified_gmt":"2025-03-18T04:29:13","slug":"certains-beneficiaires-du-pip-pourraient-etre-perdants-en-raison-des-reductions-des-aides-sociales","status":"publish","type":"post","link":"https:\/\/placedesnations.org\/index.php\/2025\/03\/18\/certains-beneficiaires-du-pip-pourraient-etre-perdants-en-raison-des-reductions-des-aides-sociales\/","title":{"rendered":"Certains b\u00e9n\u00e9ficiaires du PIP pourraient \u00eatre perdants en raison des r\u00e9ductions des aides sociales."},"content":{"rendered":"<p>Certains b\u00e9n\u00e9ficiaires actuels des allocations de sant\u00e9 et d&rsquo;invalidit\u00e9 risquent de perdre des avantages dans le cadre d&rsquo;une r\u00e9forme pr\u00e9vue du syst\u00e8me de protection sociale, qui devrait durcir les crit\u00e8res d&rsquo;\u00e9ligibilit\u00e9 pour le Personal Independence Payment (PIP).<\/p>\n<p>La secr\u00e9taire au Travail et aux Pensions, Liz Kendall, exposera mardi apr\u00e8s-midi comment le gouvernement entend r\u00e9former le syst\u00e8me des prestations de sant\u00e9, dans le but de r\u00e9duire la facture croissante des aides sociales.<\/p>\n<p>Son programme de r\u00e9formes devrait inclure davantage d&rsquo;aide et de soutien pour trouver un emploi, ainsi que la protection des paiements pour les personnes les plus vuln\u00e9rables.<\/p>\n<p>Mais cette mesure a rencontr\u00e9 une opposition au sein des rangs travaillistes en raison des pr\u00e9occupations concernant l&rsquo;impact potentiel sur les demandeurs vuln\u00e9rables.<\/p>\n<p>Le gouvernement esp\u00e8re rassurer certains b\u00e9n\u00e9ficiaires, et en effet certains d\u00e9put\u00e9s travaillistes agit\u00e9s, qu&rsquo;ils ne seront pas perdants lorsque les r\u00e9formes du syst\u00e8me de protection sociale seront d\u00e9voil\u00e9es plus tard mardi.<\/p>\n<p>Les premiers rapports avaient sugg\u00e9r\u00e9 que le PIP &#8211; la principale allocation d&rsquo;invalidit\u00e9 en Angleterre et au Pays de Galles &#8211; serait gel\u00e9 pendant un an. Mais on s&rsquo;attend maintenant \u00e0 ce que les r\u00e9formes se concentrent plut\u00f4t sur les crit\u00e8res d&rsquo;\u00e9ligibilit\u00e9 \u00e0 cette allocation, apr\u00e8s l&rsquo;opposition des d\u00e9put\u00e9s travaillistes.<\/p>\n<p>Lundi, Kendall a insist\u00e9 sur le fait que les changements qu&rsquo;elle pr\u00e9voyait seraient \u00e9quitables, et les ministres ont d\u00e9clar\u00e9 qu&rsquo;ils prot\u00e9geraient les plus vuln\u00e9rables.<\/p>\n<p>En pratique, cela signifie probablement que les personnes manifestement incapables de travailler ne seront pas soumises \u00e0 de nouvelles r\u00e9\u00e9valuations de leur \u00e9tat et conserveront l&rsquo;int\u00e9gralit\u00e9 de leurs allocations.<\/p>\n<p>Cependant, les crit\u00e8res d&rsquo;\u00e9ligibilit\u00e9 seront durcis pour les personnes ayant des affections moins graves, ce qui signifie que certains b\u00e9n\u00e9ficiaires actuels perdront in\u00e9vitablement leur aide.<\/p>\n<p>On s&rsquo;attend \u00e0 ce que les personnes sans emploi qui per\u00e7oivent le Cr\u00e9dit Universel et qui recherchent activement un emploi voient leurs niveaux de prestations augmenter, bien que cela soit probablement d&rsquo;un montant relativement modeste.<\/p>\n<p>Il est \u00e9galement pr\u00e9vu que les personnes en situation de handicap qui essaient un emploi ne perdent pas leurs droits aux prestations existantes si cela ne fonctionne pas.<\/p>\n<p>Le Times rapporte que les b\u00e9n\u00e9ficiaires d&rsquo;allocations pour maladie et handicap devront faire face \u00e0 des r\u00e9\u00e9valuations plus fr\u00e9quentes dans le cadre des r\u00e9formes, mais que les personnes atteintes de \u00ab conditions permanentes ou d\u00e9g\u00e9n\u00e9ratives \u00bb pourraient ne jamais avoir \u00e0 \u00eatre r\u00e9\u00e9valu\u00e9es.<\/p>\n<p>Mais le gouvernement fait toujours face \u00e0 une r\u00e9sistance au sein de son propre parti, la baronne Shami Chakrabarti, membre travailliste de la Chambre des lords, ayant d\u00e9clar\u00e9 \u00e0 BBC Newsnight qu&rsquo;il \u00e9tait \u00ab\u00a0fondamentalement injuste\u00a0\u00bb de r\u00e9duire les prestations des personnes souffrant de handicaps et de maladies.<\/p>\n<p>La chanceli\u00e8re Rachel Reeves doit pr\u00e9senter une d\u00e9claration de printemps le 26 mars, dans un contexte de pr\u00e9visions \u00e9conomiques en d\u00e9t\u00e9rioration, ce qui a accru la n\u00e9cessit\u00e9 de trouver des \u00e9conomies pour permettre au gouvernement de respecter ses r\u00e8gles de d\u00e9penses auto-impos\u00e9es.<\/p>\n<p>L&rsquo;\u00e9quipe politique du premier ministre a rencontr\u00e9 des d\u00e9put\u00e9s travaillistes la semaine derni\u00e8re pour discuter d&rsquo;\u00e9conomies allant de 5 \u00e0 6 milliards de livres sterling gr\u00e2ce \u00e0 de potentielles r\u00e9formes du syst\u00e8me de protection sociale.<\/p>\n<p>Mais Downing Street a d\u00e9clar\u00e9 que sa refonte n&rsquo;est pas uniquement motiv\u00e9e par des pr\u00e9occupations financi\u00e8res.<\/p>\n<p>Le porte-parole officiel de Sir Keir Starmer a d\u00e9clar\u00e9 aux journalistes lundi : \u00ab\u00a0Je pense que le premier ministre a \u00e9t\u00e9 clair sur le fait qu&rsquo;il existe \u00e0 la fois un argument moral et \u00e9conomique pour r\u00e9parer notre syst\u00e8me de s\u00e9curit\u00e9 sociale d\u00e9faillant qui freine notre peuple et notre pays.\u00a0\u00bb<\/p>\n<p>Il a ajout\u00e9 que les changements remettraient le syst\u00e8me de protection sociale \u00ab\u00a0sur une voie plus durable\u00a0\u00bb.<\/p>\n<p>Plusieurs b\u00e9n\u00e9ficiaires de prestations d&rsquo;invalidit\u00e9 ont confi\u00e9 \u00e0 la BBC que les sp\u00e9culations concernant la perspective de coupes imminentes ont \u00e9t\u00e9 perturbantes.<\/p>\n<p>\u00ab Ce n&rsquo;est pas que je ne veuille pas [travailler] \u00bb, a d\u00e9clar\u00e9 Alison, 56 ans, qui vit avec son fr\u00e8re dans un logement social \u00e0 Southampton. \u00ab J&rsquo;y pense tout le temps. \u00catre sur les allocations ne me rend pas heureuse. \u00bb<\/p>\n<p>Prenant la parole aux Communes lundi, le ministre de la S\u00e9curit\u00e9 sociale, Sir Stephen Timms, a admis que les sp\u00e9culations pr\u00e9c\u00e9dant l&rsquo;annonce officielle avaient \u00e9t\u00e9 une source \u00ab\u00a0d&rsquo;anxi\u00e9t\u00e9\u00a0\u00bb pour les b\u00e9n\u00e9ficiaires, ajoutant : \u00ab\u00a0Je suis triste que cela soit arriv\u00e9 et que les gens aient \u00e9t\u00e9 pr\u00e9occup\u00e9s.\u00a0\u00bb<\/p>\n<p>Le nombre de b\u00e9n\u00e9ficiaires des paiements PIP et Universal Credit a augment\u00e9 de mani\u00e8re significative au cours des quatre ann\u00e9es depuis la pand\u00e9mie, avec des d\u00e9penses totales pour les prestations de sant\u00e9 et d&rsquo;invalidit\u00e9 pr\u00e9vues pour passer de 64,7 milliards de livres sterling en 2023-2024 \u00e0 100,7 milliards de livres sterling en 2029-2030.<\/p>\n<p>Kendall a d\u00e9clar\u00e9 lundi que le gouvernement ne \u00ab\u00a0reculerait pas devant les d\u00e9cisions que nous jugeons justes pour offrir des opportunit\u00e9s aux personnes qui peuvent travailler\u00a0\u00bb, mais qu&rsquo;il maintiendrait \u00e9galement \u00ab\u00a0la s\u00e9curit\u00e9 pour celles qui ne le peuvent pas\u00a0\u00bb.<\/p>\n<p>Elle a ajout\u00e9 que les changements garantiraient \u00ab confiance et \u00e9quit\u00e9 dans le syst\u00e8me de s\u00e9curit\u00e9 sociale \u00bb.<\/p>\n<p>Le pr\u00e9c\u00e9dent gouvernement conservateur avait envisag\u00e9 de rendre plus difficile pour les jeunes souffrant de troubles mentaux de demander le PIP.<\/p>\n<p>Mais aucune proposition d\u00e9taill\u00e9e n&rsquo;a \u00e9t\u00e9 annonc\u00e9e avant les \u00e9lections g\u00e9n\u00e9rales de juillet dernier, qui ont vu le Parti travailliste revenir au pouvoir apr\u00e8s 14 ans d&rsquo;absence.<\/p>\n<p>La secr\u00e9taire d&rsquo;\u00c9tat fant\u00f4me du Travail et des Pensions des Conservateurs, Helen Whately, a interrog\u00e9 Kendall lundi \u00e0 propos des informations faisant \u00e9tat de malaise au sein du Cabinet.<\/p>\n<p>Whately a demand\u00e9 au ministre s&rsquo;il y avait un \u00ab\u00a0accord collectif\u00a0\u00bb sur les plans, ce \u00e0 quoi Kendall a r\u00e9pondu que le secr\u00e9taire fant\u00f4me devrait \u00ab\u00a0faire preuve d&rsquo;un peu de patience\u00a0\u00bb.<\/p>\n","protected":false},"excerpt":{"rendered":"<p>Certains b\u00e9n\u00e9ficiaires actuels des allocations de sant\u00e9 et d&rsquo;invalidit\u00e9 risquent de perdre des avantages dans le cadre d&rsquo;une r\u00e9forme pr\u00e9vue du syst\u00e8me de protection sociale, qui devrait durcir les crit\u00e8res d&rsquo;\u00e9ligibilit\u00e9 pour le Personal Independence Payment (PIP). La secr\u00e9taire au Travail et aux Pensions, Liz Kendall, exposera mardi apr\u00e8s-midi comment le gouvernement entend r\u00e9former le [&hellip;]<\/p>\n","protected":false},"author":0,"featured_media":8420,"comment_status":"open","ping_status":"open","sticky":false,"template":"","format":"standard","meta":{"footnotes":""},"categories":[1],"tags":[],"class_list":{"0":"post-8419","1":"post","2":"type-post","3":"status-publish","4":"format-standard","5":"has-post-thumbnail","7":"category-uncategorized"},"_links":{"self":[{"href":"https:\/\/placedesnations.org\/index.php\/wp-json\/wp\/v2\/posts\/8419","targetHints":{"allow":["GET"]}}],"collection":[{"href":"https:\/\/placedesnations.org\/index.php\/wp-json\/wp\/v2\/posts"}],"about":[{"href":"https:\/\/placedesnations.org\/index.php\/wp-json\/wp\/v2\/types\/post"}],"replies":[{"embeddable":true,"href":"https:\/\/placedesnations.org\/index.php\/wp-json\/wp\/v2\/comments?post=8419"}],"version-history":[{"count":0,"href":"https:\/\/placedesnations.org\/index.php\/wp-json\/wp\/v2\/posts\/8419\/revisions"}],"wp:featuredmedia":[{"embeddable":true,"href":"https:\/\/placedesnations.org\/index.php\/wp-json\/wp\/v2\/media\/8420"}],"wp:attachment":[{"href":"https:\/\/placedesnations.org\/index.php\/wp-json\/wp\/v2\/media?parent=8419"}],"wp:term":[{"taxonomy":"category","embeddable":true,"href":"https:\/\/placedesnations.org\/index.php\/wp-json\/wp\/v2\/categories?post=8419"},{"taxonomy":"post_tag","embeddable":true,"href":"https:\/\/placedesnations.org\/index.php\/wp-json\/wp\/v2\/tags?post=8419"}],"curies":[{"name":"wp","href":"https:\/\/api.w.org\/{rel}","templated":true}]}}