{"id":8429,"date":"2025-03-18T23:35:33","date_gmt":"2025-03-18T23:35:33","guid":{"rendered":"https:\/\/placedesnations.org\/index.php\/2025\/03\/18\/chris-mason-vague-dinquietude-concernant-les-changements-de-prestations\/"},"modified":"2025-03-18T23:35:33","modified_gmt":"2025-03-18T23:35:33","slug":"chris-mason-vague-dinquietude-concernant-les-changements-de-prestations","status":"publish","type":"post","link":"https:\/\/placedesnations.org\/index.php\/2025\/03\/18\/chris-mason-vague-dinquietude-concernant-les-changements-de-prestations\/","title":{"rendered":"Chris Mason : Vague d&rsquo;inqui\u00e9tude concernant les changements de prestations"},"content":{"rendered":"<p>Les arguments concernant les avantages tournent toujours autour d&rsquo;un concept unique : l&rsquo;\u00e9quit\u00e9.<\/p>\n<p>Il existe des questions intemporelles : qui m\u00e9rite et qui ne m\u00e9rite pas ?<\/p>\n<p>Il suscite des opinions tranch\u00e9es et figure donc parmi les d\u00e9cisions politiques nationales les plus d\u00e9licates qu&rsquo;un gouvernement ait jamais \u00e0 prendre.<\/p>\n<p>Il y a une cons\u00e9quence directe, sinon imm\u00e9diate, d&rsquo;une d\u00e9cision prise \u00e0 Westminster sur l&rsquo;argent dans les poches de millions de personnes, y compris de nombreuses personnes qui ont peu de moyens ou \u2013 peut-\u00eatre et \u2013 tentent de faire face \u00e0 des probl\u00e8mes de sant\u00e9 physique ou mentale.<\/p>\n<p>On m&rsquo;a dit que, depuis environ une semaine, le minist\u00e8re du Travail et des Pensions a \u00e9t\u00e9 submerg\u00e9 par des personnes inqui\u00e8tes : des b\u00e9n\u00e9ficiaires de prestations et leurs familles, pr\u00e9occup\u00e9s par le fait qu&rsquo;ils pourraient \u00eatre affect\u00e9s, sans encore conna\u00eetre les d\u00e9tails des projets du gouvernement.<\/p>\n<p>Cela pose une question tant pour le gouvernement que pour les journalistes.<\/p>\n<p>Dans quelle mesure est-il responsable que des bribes des plans des ministres soient divulgu\u00e9es sur plus d&rsquo;une semaine, sans que l&rsquo;ensemble du tableau soit clair, \u00e9tant donn\u00e9 la concentration d&rsquo;inqui\u00e9tude que cela ne manquerait pas de susciter parmi ceux qui se sentent d\u00e9pendants des aides sociales qu&rsquo;ils re\u00e7oivent ?<\/p>\n<p>Le gouvernement souhaite exposer ses arguments sur plusieurs jours et les journalistes veulent d\u00e9couvrir ce qu&rsquo;ils pr\u00e9voient r\u00e9ellement.<\/p>\n<p>Mais la cons\u00e9quence nette est une vague d&rsquo;inqui\u00e9tude, en partie peut-\u00eatre justifi\u00e9e, en partie non.<\/p>\n<p>M\u00eame maintenant, apr\u00e8s l&rsquo;annonce, la complexit\u00e9 de la vie des gens se heurte \u00e0 un syst\u00e8me de prestations complexe, qui change \u00e0 nouveau.<\/p>\n<p>Il pourrait s&rsquo;\u00e9couler un certain temps avant que les gens sachent comment ils pourraient \u00eatre affect\u00e9s, et encore plus longtemps avant qu&rsquo;ils ne le soient r\u00e9ellement.<\/p>\n<p>Les d\u00e9fenseurs des plans du gouvernement soutiennent qu&rsquo;ils s&rsquo;inscrivent parfaitement dans la tradition travailliste.<\/p>\n<p>Ils font r\u00e9f\u00e9rence aux d\u00e9buts du mouvement syndical et des r\u00e9gimes de prestations contributives, o\u00f9 les gens r\u00e9cup\u00e9raient g\u00e9n\u00e9ralement ce qu&rsquo;ils avaient cotis\u00e9.<\/p>\n<p>Ils soutiennent que la normalisation progressive de l&rsquo;absence de travail pour certains, y compris pour beaucoup qui, selon eux, pourraient travailler et b\u00e9n\u00e9ficieraient de travailler, est ce qu&rsquo;ils cherchent \u00e0 combattre ici.<\/p>\n<p>Ils esp\u00e8rent qu&rsquo;en insistant sur la protection de ceux qui souffrent des probl\u00e8mes de sant\u00e9 les plus graves et qui sont consid\u00e9r\u00e9s comme incapables de travailler, ils pourront convaincre davantage des m\u00e9rites et des aspects pratiques d&rsquo;encourager les autres \u00e0 retourner au travail.<\/p>\n<p>C&rsquo;est un argument qu&rsquo;ils savent devoir avancer, car d&rsquo;autres au sein du mouvement travailliste estiment que cela est profond\u00e9ment contraire \u00e0 tout ce qu&rsquo;ils d\u00e9fendent.<\/p>\n<p>Voici quelques autres points qui m\u00e9ritent d&rsquo;\u00eatre soulign\u00e9s.<\/p>\n<p>L&rsquo;une des principales raisons pour lesquelles il y a encore beaucoup de choses que nous ignorons sur les plans du gouvernement est que l&rsquo;\u00e9valuation de l&rsquo;impact n&rsquo;a pas encore \u00e9t\u00e9 publi\u00e9e.<\/p>\n<p>Combien de personnes devraient recevoir moins de prestations ? Qui sont-elles ? O\u00f9 se trouvent-elles ? Quelles sont leurs circonstances ?<\/p>\n<p>Les ministres insistent sur le fait qu&rsquo;ils doivent attendre la d\u00e9claration de printemps du chancelier dans une semaine pour aborder cette question, car c&rsquo;est \u00e0 ce moment-l\u00e0 que le Bureau ind\u00e9pendant de la responsabilit\u00e9 budg\u00e9taire publie ses chiffres, et tout cela en d\u00e9pend.<\/p>\n<p>Mais cela ajoute au sentiment d&rsquo;incertitude.<\/p>\n<p>Ce qui devient clair, c&rsquo;est que des centaines de milliers de personnes seront affect\u00e9es par ces changements, et le principal \u00e9l\u00e9ment de changement pour le contribuable proviendra de la modification des crit\u00e8res d&rsquo;\u00e9ligibilit\u00e9 pour l&rsquo;Allocation Personnelle d&rsquo;Ind\u00e9pendance.<\/p>\n<p>Et une autre chose m\u00e9rite d&rsquo;\u00eatre mentionn\u00e9e : rien de tout cela ne r\u00e9duira r\u00e9ellement le montant des prestations sociales \u2013 il continuera d&rsquo;augmenter, bien que pas aussi rapidement que cela aurait \u00e9t\u00e9 le cas autrement.<\/p>\n<p>Ce qui pose encore une autre question : le syst\u00e8me de prestations est-il durable apr\u00e8s ces changements, ou ce gouvernement ou un futur pourrait-il conclure que d&rsquo;autres r\u00e9ductions sont n\u00e9cessaires ?<\/p>\n","protected":false},"excerpt":{"rendered":"<p>Les arguments concernant les avantages tournent toujours autour d&rsquo;un concept unique : l&rsquo;\u00e9quit\u00e9. Il existe des questions intemporelles : qui m\u00e9rite et qui ne m\u00e9rite pas ? Il suscite des opinions tranch\u00e9es et figure donc parmi les d\u00e9cisions politiques nationales les plus d\u00e9licates qu&rsquo;un gouvernement ait jamais \u00e0 prendre. Il y a une cons\u00e9quence directe, [&hellip;]<\/p>\n","protected":false},"author":0,"featured_media":8430,"comment_status":"open","ping_status":"open","sticky":false,"template":"","format":"standard","meta":{"footnotes":""},"categories":[1],"tags":[],"class_list":{"0":"post-8429","1":"post","2":"type-post","3":"status-publish","4":"format-standard","5":"has-post-thumbnail","7":"category-uncategorized"},"_links":{"self":[{"href":"https:\/\/placedesnations.org\/index.php\/wp-json\/wp\/v2\/posts\/8429","targetHints":{"allow":["GET"]}}],"collection":[{"href":"https:\/\/placedesnations.org\/index.php\/wp-json\/wp\/v2\/posts"}],"about":[{"href":"https:\/\/placedesnations.org\/index.php\/wp-json\/wp\/v2\/types\/post"}],"replies":[{"embeddable":true,"href":"https:\/\/placedesnations.org\/index.php\/wp-json\/wp\/v2\/comments?post=8429"}],"version-history":[{"count":0,"href":"https:\/\/placedesnations.org\/index.php\/wp-json\/wp\/v2\/posts\/8429\/revisions"}],"wp:featuredmedia":[{"embeddable":true,"href":"https:\/\/placedesnations.org\/index.php\/wp-json\/wp\/v2\/media\/8430"}],"wp:attachment":[{"href":"https:\/\/placedesnations.org\/index.php\/wp-json\/wp\/v2\/media?parent=8429"}],"wp:term":[{"taxonomy":"category","embeddable":true,"href":"https:\/\/placedesnations.org\/index.php\/wp-json\/wp\/v2\/categories?post=8429"},{"taxonomy":"post_tag","embeddable":true,"href":"https:\/\/placedesnations.org\/index.php\/wp-json\/wp\/v2\/tags?post=8429"}],"curies":[{"name":"wp","href":"https:\/\/api.w.org\/{rel}","templated":true}]}}