{"id":8431,"date":"2025-03-19T06:10:17","date_gmt":"2025-03-19T06:10:17","guid":{"rendered":"https:\/\/placedesnations.org\/index.php\/2025\/03\/19\/avoir-de-lautisme-a-ete-un-avantage-pour-moi-dans-le-football-bronze\/"},"modified":"2025-03-19T06:10:17","modified_gmt":"2025-03-19T06:10:17","slug":"avoir-de-lautisme-a-ete-un-avantage-pour-moi-dans-le-football-bronze","status":"publish","type":"post","link":"https:\/\/placedesnations.org\/index.php\/2025\/03\/19\/avoir-de-lautisme-a-ete-un-avantage-pour-moi-dans-le-football-bronze\/","title":{"rendered":"Avoir de l&rsquo;autisme a \u00e9t\u00e9 un avantage pour moi dans le football &#8211; Bronze"},"content":{"rendered":"<p>Lucy Bronze a toujours su qu&rsquo;elle \u00e9tait diff\u00e9rente.<\/p>\n<p>Lorsqu&rsquo;elle grandissait, l&rsquo;internationale anglaise, qui a remport\u00e9 presque toutes les distinctions dans le football f\u00e9minin, essayait d&rsquo;imiter le comportement de ses co\u00e9quipi\u00e8res pour s&rsquo;int\u00e9grer.<\/p>\n<p>Le finaliste du Ballon d&rsquo;Or 2019 a depuis connu un succ\u00e8s remarquable tant sur le plan national qu&rsquo;international, remportant 22 troph\u00e9es majeurs en repr\u00e9sentant Liverpool, Manchester City, Lyon, Barcelone et Chelsea.<\/p>\n<p>Vainqueur de l&rsquo;Euro 2022 et finaliste de la Coupe du Monde 2023 avec l&rsquo;Angleterre, cette joueuse de 33 ans est une source d&rsquo;inspiration pour des millions de jeunes joueurs et fans. Mais les statistiques et les distinctions ne sont pas les seules choses qui d\u00e9finissent une personne.<\/p>\n<p>Sa m\u00e8re avait depuis longtemps soup\u00e7onn\u00e9 qu&rsquo;elle pouvait \u00eatre autiste, mais ce n&rsquo;est qu&rsquo;il y a quatre ans que Bronze a \u00e9t\u00e9 officiellement diagnostiqu\u00e9e comme \u00e9tant autiste et atteinte de TDAH (trouble du d\u00e9ficit de l&rsquo;attention avec hyperactivit\u00e9).<\/p>\n<p>S&rsquo;exprimant en exclusivit\u00e9 pour BBC Sport avant la Semaine de la c\u00e9l\u00e9bration de la neurodiversit\u00e9, Bronze a parl\u00e9 pour la premi\u00e8re fois de ses diagnostics et de l&rsquo;impact qu&rsquo;ils ont sur sa vie, sur le terrain et en dehors.<\/p>\n<p>Bien que Bronze n&rsquo;ait \u00e9t\u00e9 diagnostiqu\u00e9e autiste qu&rsquo;en 2021, la nouvelle ne l&rsquo;a pas vraiment surprise.<\/p>\n<p>\u00ab C&rsquo;\u00e9tait quelque chose que j&rsquo;ai toujours su d&rsquo;une certaine mani\u00e8re \u00bb, dit-elle. \u00ab Ma m\u00e8re en parlait depuis que j&rsquo;\u00e9tais tr\u00e8s jeune et avait remarqu\u00e9 des choses en moi. \u00bb<\/p>\n<p>\u00c0 l&rsquo;\u00e9cole, sa condition s&rsquo;est manifest\u00e9e par sa difficult\u00e9 \u00e0 lire et \u00e0 \u00e9peler, et elle a \u00e9t\u00e9 diagnostiqu\u00e9e dyslexique.<\/p>\n<p>Depuis son enfance, Bronze a eu du mal \u00e0 dormir, ce qu&rsquo;un expert en sommeil a sugg\u00e9r\u00e9 de rem\u00e9dier en \u00e9crivant dans un journal avant de se coucher.<\/p>\n<p>\u00ab Je finirais par \u00e9crire un livre alors \u00bb, dit Bronze avec un sourire. \u00ab Mon cerveau fonctionne \u00e0 100 \u00e0 l&rsquo;heure, m\u00eame quand je suis allong\u00e9 dans mon lit. \u00bb<\/p>\n<p>Bronze a du mal \u00e0 \u00e9tablir un contact visuel avec les gens pendant les conversations, tandis que son habitude de toucher ses cheveux pendant les matchs a \u00e9t\u00e9 remarqu\u00e9e \u00e0 la fois par ses co\u00e9quipi\u00e8res et les fans.<\/p>\n<p>\u00ab Les gens pensent &lsquo;elle est toujours en train de faire n&rsquo;importe quoi&rsquo;, mais c&rsquo;est juste moi qui me calme sans m\u00eame m&rsquo;en rendre compte \u00bb, r\u00e9fl\u00e9chit Bronze.<\/p>\n<p>C&rsquo;est lors d&rsquo;un camp d&rsquo;entra\u00eenement des Lionesses que Bronze a d\u00e9couvert qu&rsquo;elle avait un TDAH et \u00e9tait autiste.<\/p>\n<p>\u00ab Cela n&rsquo;a rien chang\u00e9 essentiellement, mais cela a \u00e9t\u00e9 un peu r\u00e9v\u00e9lateur \u00bb, dit Bronze.<\/p>\n<p>\u00ab\u00a0Je viens d&rsquo;en apprendre davantage sur moi-m\u00eame, j&rsquo;ai compris pourquoi, dans certaines situations, je voyais les choses diff\u00e9remment des autres ou agissais d&rsquo;une mani\u00e8re diff\u00e9rente des autres.\u00a0\u00bb<\/p>\n<p>\u00ab\u00a0S&rsquo;asseoir et parler r\u00e9ellement de mes traits de caract\u00e8re et de leur impact sur moi, des situations qui me font me sentir bien ou mal, c&rsquo;est ce qui a vraiment fait tilt dans ma t\u00eate et m&rsquo;a fait me sentir tellement mieux.\u00a0\u00bb<\/p>\n<p>Bronze explique comment elle a \u00ab\u00a0copi\u00e9 le comportement des autres\u00a0\u00bb tout au long de ses 20 ans pour masquer son autisme.<\/p>\n<p>La National Autistic Society d\u00e9finit le camouflage comme une strat\u00e9gie utilis\u00e9e pour \u00ab para\u00eetre consciemment ou inconsciemment non autiste \u00bb, dans le but de \u00ab s&rsquo;int\u00e9grer \u00bb dans une soci\u00e9t\u00e9 neurotypique.<\/p>\n<p>Cela peut avoir des impacts d\u00e9vastateurs sur la sant\u00e9 mentale, le sens de soi et l&rsquo;acc\u00e8s \u00e0 un diagnostic d&rsquo;autisme.<\/p>\n<p>\u00ab Quand j&rsquo;ai rejoint l&rsquo;\u00e9quipe d&rsquo;Angleterre pour la premi\u00e8re fois, je ne pouvais parler \u00e0 personne \u00bb, dit Bronze.<\/p>\n<p>\u00ab [Je me souviens] que Casey Stoney m&rsquo;a dit : &lsquo;Tu ne m&rsquo;as jamais regard\u00e9e dans les yeux quand tu me parles&rsquo;, et j&rsquo;ai r\u00e9pondu : &lsquo;Ce n&rsquo;est pas \u00e0 cause de toi, c&rsquo;est moi&rsquo;. \u00bb<\/p>\n<p>\u00ab\u00a0J&rsquo;observais Jill [Scott] et la fa\u00e7on dont elle parle aux gens. Je me suis dit que je pourrais l&rsquo;imiter un peu. Je suis meilleur \u00e0 cela maintenant, mais je me sens parfois un peu mal \u00e0 l&rsquo;aise.\u00a0\u00bb<\/p>\n<p>\u00ab Faire des c\u00e2lins aux gens, \u00e9tablir un contact visuel quand on parle, ces deux choses, j&rsquo;ai d\u00fb les apprendre parce qu&rsquo;elles sont consid\u00e9r\u00e9es comme la norme, et je les trouvais tellement difficiles. \u00bb<\/p>\n<p>Heureusement pour Bronze, elle a toujours eu des amis et de la famille autour d&rsquo;elle qui comprenaient ce qui la mettait mal \u00e0 l&rsquo;aise.<\/p>\n<p>\u00ab J&rsquo;en suis arriv\u00e9e \u00e0 un point o\u00f9 les gens savent que je n&rsquo;aime pas les c\u00e2lins, donc ils ne me jugent pas pour \u00e7a \u00bb, ajoute-t-elle.<\/p>\n<p>Avant, c&rsquo;\u00e9tait tellement frustrant parce que je sentais que je devais faire cela pour que les autres se sentent \u00e0 l&rsquo;aise, mais cela me rendait moi-m\u00eame plus mal \u00e0 l&rsquo;aise.<\/p>\n<p>\u00ab Il est important que chacun comprenne les diff\u00e9rences entre les personnes. \u00bb<\/p>\n<p>Bronze a d\u00e9couvert que certaines de ses diff\u00e9rences \u00e9taient ses forces.<\/p>\n<p>Voici la traduction en fran\u00e7ais :<\/p>\n<p>\u00ab\u00a0Comment je traite les choses, en \u00e9tant super concentr\u00e9e. Les gens disent toujours : &lsquo;Oh, tu es tellement passionn\u00e9e par le football'\u00a0\u00bb, dit Bronze.<\/p>\n<p>\u00ab\u00a0Je ne sais pas si je dirais que je suis passionn\u00e9, je suis obs\u00e9d\u00e9. C&rsquo;est mon autisme, c&rsquo;est mon hyper-focalisation sur le football.\u00a0\u00bb<\/p>\n<p>En tant que personne qui a commenc\u00e9 \u00e0 jouer au football senior \u00e0 16 ans, il est remarquable que Bronze continue de performer au plus haut niveau \u00e0 33 ans.<\/p>\n<p>Elle dit qu&rsquo;elle doit en partie sa long\u00e9vit\u00e9 \u00e0 l&rsquo;autisme.<\/p>\n<p>\u00ab Quelque chose qui est vraiment b\u00e9n\u00e9fique pour le TDAH et l&rsquo;autisme, c&rsquo;est l&rsquo;exercice. Avoir cette concentration, quelque chose \u00e0 faire, rester en mouvement \u00bb, dit-elle.<\/p>\n<p>\u00ab\u00a0S&rsquo;entra\u00eener tous les jours est incroyable pour moi. Certaines des autres filles disent : &lsquo;Es-tu s\u00fbre d&rsquo;avoir 33 ans parce que tu ne t&rsquo;arr\u00eates jamais ?&rsquo; Toutes les choses que j&rsquo;ai gr\u00e2ce \u00e0 l&rsquo;autisme ont jou\u00e9 en ma faveur.\u00a0\u00bb<\/p>\n<p>Bronze dit qu&rsquo;\u00ab un diagnostic ne va pas changer qui vous \u00eates, mais comprendre qui vous \u00eates est une tr\u00e8s bonne chose \u00bb.<\/p>\n<p>Elle est devenue ambassadrice pour la National Autistic Society afin de contribuer \u00e0 \u00ab sensibiliser \u00bb et \u00e0 \u00ab \u00e9liminer la stigmatisation \u00bb qui l&rsquo;entoure.<\/p>\n<p>\u00ab Il y a eu des moments dans ma vie o\u00f9 les choses auraient pu \u00eatre plus faciles pour moi s&rsquo;il n&rsquo;y avait pas eu de stigmatisation, si j&rsquo;avais senti que je pouvais \u00eatre plus ouvert \u00e0 ce sujet \u00bb, dit Bronze.<\/p>\n<p>\u00ab\u00a0\u00catre incompris quand on est jeune est tellement difficile, c&rsquo;est pourquoi j&rsquo;ai voulu rejoindre l&rsquo;association caritative.\u00a0\u00bb<\/p>\n<p>Bronze dit que le football l&rsquo;a aid\u00e9e, lui offrant quelque chose sur lequel se concentrer chaque jour et la possibilit\u00e9 d&rsquo;\u00eatre constamment active. Mais que se passera-t-il lorsqu&rsquo;elle prendra sa retraite ?<\/p>\n<p>\u00ab Les gens disent qu&rsquo;ils s&rsquo;inqui\u00e8tent de ce que je ferai quand je n&rsquo;aurai plus le football, mais je trouverai autre chose \u00bb, dit-elle.<\/p>\n<p>\u00ab\u00a0Encore maintenant avec le football, j&rsquo;y pense tout le temps parce que je suis tellement obs\u00e9d\u00e9.\u00a0\u00bb<\/p>\n<p>\u00ab\u00a0Pas seulement jouer, mais aussi la salle de r\u00e9union, l&rsquo;entra\u00eenement, les kin\u00e9s. Je suis obs\u00e9d\u00e9 par tout cela.\u00a0\u00bb<\/p>\n","protected":false},"excerpt":{"rendered":"<p>Lucy Bronze a toujours su qu&rsquo;elle \u00e9tait diff\u00e9rente. Lorsqu&rsquo;elle grandissait, l&rsquo;internationale anglaise, qui a remport\u00e9 presque toutes les distinctions dans le football f\u00e9minin, essayait d&rsquo;imiter le comportement de ses co\u00e9quipi\u00e8res pour s&rsquo;int\u00e9grer. Le finaliste du Ballon d&rsquo;Or 2019 a depuis connu un succ\u00e8s remarquable tant sur le plan national qu&rsquo;international, remportant 22 troph\u00e9es majeurs en [&hellip;]<\/p>\n","protected":false},"author":0,"featured_media":0,"comment_status":"open","ping_status":"open","sticky":false,"template":"","format":"standard","meta":{"footnotes":""},"categories":[1],"tags":[],"class_list":{"0":"post-8431","1":"post","2":"type-post","3":"status-publish","4":"format-standard","6":"category-uncategorized"},"_links":{"self":[{"href":"https:\/\/placedesnations.org\/index.php\/wp-json\/wp\/v2\/posts\/8431","targetHints":{"allow":["GET"]}}],"collection":[{"href":"https:\/\/placedesnations.org\/index.php\/wp-json\/wp\/v2\/posts"}],"about":[{"href":"https:\/\/placedesnations.org\/index.php\/wp-json\/wp\/v2\/types\/post"}],"replies":[{"embeddable":true,"href":"https:\/\/placedesnations.org\/index.php\/wp-json\/wp\/v2\/comments?post=8431"}],"version-history":[{"count":0,"href":"https:\/\/placedesnations.org\/index.php\/wp-json\/wp\/v2\/posts\/8431\/revisions"}],"wp:attachment":[{"href":"https:\/\/placedesnations.org\/index.php\/wp-json\/wp\/v2\/media?parent=8431"}],"wp:term":[{"taxonomy":"category","embeddable":true,"href":"https:\/\/placedesnations.org\/index.php\/wp-json\/wp\/v2\/categories?post=8431"},{"taxonomy":"post_tag","embeddable":true,"href":"https:\/\/placedesnations.org\/index.php\/wp-json\/wp\/v2\/tags?post=8431"}],"curies":[{"name":"wp","href":"https:\/\/api.w.org\/{rel}","templated":true}]}}