{"id":8436,"date":"2025-03-19T17:14:53","date_gmt":"2025-03-19T17:14:53","guid":{"rendered":"https:\/\/placedesnations.org\/index.php\/2025\/03\/19\/hancock-critique-lenquete-sur-le-covid-la-qualifiant-de-totalement-naive\/"},"modified":"2025-03-19T17:14:53","modified_gmt":"2025-03-19T17:14:53","slug":"hancock-critique-lenquete-sur-le-covid-la-qualifiant-de-totalement-naive","status":"publish","type":"post","link":"https:\/\/placedesnations.org\/index.php\/2025\/03\/19\/hancock-critique-lenquete-sur-le-covid-la-qualifiant-de-totalement-naive\/","title":{"rendered":"Hancock critique l&rsquo;enqu\u00eate sur le Covid, la qualifiant de \u00ab totalement na\u00efve \u00bb"},"content":{"rendered":"<p>Matt Hancock a d\u00e9fendu les accords du gouvernement pour l&rsquo;achat d&rsquo;\u00e9quipements de protection individuelle (EPI) pendant la pand\u00e9mie, affirmant que le pays \u00e9tait dans une \u00ab\u00a0situation d\u00e9sesp\u00e9r\u00e9e\u00a0\u00bb \u00e0 l&rsquo;\u00e9poque.<\/p>\n<p>Lors d&rsquo;une s\u00e9ance houleuse \u00e0 l&rsquo;enqu\u00eate sur le Covid, l&rsquo;ancien ministre de la Sant\u00e9 a critiqu\u00e9 \u00e0 plusieurs reprises la ligne de questionnement, la qualifiant de \u00ab\u00a0na\u00efve\u00a0\u00bb, \u00ab\u00a0hostile\u00a0\u00bb et \u00ab\u00a0inappropri\u00e9e\u00a0\u00bb.<\/p>\n<p>Il a dit qu&rsquo;il n&rsquo;\u00e9tait \u00ab\u00a0pas du tout surpris\u00a0\u00bb lorsqu&rsquo;une voie dite VIP pour les fournisseurs d&rsquo;EPI ayant une connexion politique a \u00e9t\u00e9 mise en place, la qualifiant de \u00ab\u00a0pratique courante\u00a0\u00bb.<\/p>\n<p>\u00c0 un moment donn\u00e9, la pr\u00e9sidente de l&rsquo;enqu\u00eate, la baronne Hallett, est intervenue en disant \u00e0 Hancock que c&rsquo;\u00e9tait son r\u00f4le de tirer des le\u00e7ons pour toute future pand\u00e9mie.<\/p>\n<p>Hancock comparaissait pour la cinqui\u00e8me fois devant la commission d&rsquo;enqu\u00eate sur le Covid, qui examine actuellement l&rsquo;achat et la distribution de 15 milliards de livres sterling d&rsquo;\u00e9quipements de protection individuelle (EPI) pendant la pand\u00e9mie, ainsi que des kits de test, des ventilateurs et d&rsquo;autres \u00e9quipements m\u00e9dicaux.<\/p>\n<p>Il a d\u00e9fendu un \u00ab appel aux armes \u00bb public lanc\u00e9 lors d&rsquo;une conf\u00e9rence de presse \u00e0 Downing Street le 10 avril 2020, demandant \u00e0 davantage de fournisseurs britanniques d&rsquo;EPI de se manifester.<\/p>\n<p>L&rsquo;enqu\u00eate a entendu des t\u00e9moins pr\u00e9c\u00e9dents, y compris l&rsquo;ancien directeur commercial du gouvernement, Sir Gareth Rhys Williams, qui ont d\u00e9clar\u00e9 que l&rsquo;appel avait \u00e9t\u00e9 contre-productif, entra\u00eenant un grand nombre de d\u00e9marches qui mena\u00e7aient de submerger le syst\u00e8me.<\/p>\n<p>\u00ab Nous \u00e9tions radicalement \u00e0 court d&rsquo;EPI [\u00e0 l&rsquo;\u00e9poque] et le pays \u00e9tait sur le point d&rsquo;en manquer \u00e0 l&rsquo;\u00e9chelle nationale \u00bb, a d\u00e9clar\u00e9 Hancock lors de l&rsquo;enqu\u00eate.<\/p>\n<p>\u00ab Personne n&rsquo;a t\u00e9moign\u00e9 que l&rsquo;appel aux armes a conduit \u00e0 autre chose que davantage d&rsquo;\u00e9quipements de protection individuelle\u2026 Donc je maintiens cela. \u00bb<\/p>\n<p>L&rsquo;ancien secr\u00e9taire \u00e0 la sant\u00e9 a ensuite \u00e9t\u00e9 interrog\u00e9 sur la \u00ab\u00a0voie \u00e0 haute priorit\u00e9\u00a0\u00bb, ou \u00ab\u00a0voie VIP\u00a0\u00bb, qui a \u00e9t\u00e9 mise en place par des responsables du minist\u00e8re de la Sant\u00e9 en Angleterre pour aider \u00e0 g\u00e9rer les offres en donnant la priorit\u00e9 \u00e0 celles recommand\u00e9es par un d\u00e9put\u00e9, un membre de la Chambre des Lords ou un haut fonctionnaire.<\/p>\n<p>Hancock a d\u00e9clar\u00e9 qu&rsquo;il n&rsquo;avait pas particip\u00e9 \u00e0 la conception du syst\u00e8me, ce qui, selon lui, avait fait de lui la cible d&rsquo;un \u00ab\u00a0nombre \u00e9norme de th\u00e9ories du complot\u00a0\u00bb.<\/p>\n<p>L&rsquo;enqu\u00eate a command\u00e9 un rapport d&rsquo;expert au Professeur Albert Sanchez-Graells, professeur de droit \u00e0 l&rsquo;Universit\u00e9 de Bristol, qui a critiqu\u00e9 l&rsquo;approche et n&rsquo;a trouv\u00e9 aucune preuve de priorisation similaire en \u00c9cosse, au Pays de Galles, en Irlande du Nord ou dans d&rsquo;autres pays \u00e0 travers le monde.<\/p>\n<p>\u00ab C&rsquo;est bien que des universitaires \u00e9crivent des articles \u00e0 ce sujet\u2026 mais il faut comprendre comment c&rsquo;\u00e9tait [\u00e0 l&rsquo;\u00e9poque] \u00bb, a d\u00e9clar\u00e9 Hancock.<\/p>\n<p>\u00ab La pression pour sauver des vies \u00e9tait intense, mais il en allait de m\u00eame pour la r\u00e9alit\u00e9 que des offres de haute qualit\u00e9 seraient transmises aux d\u00e9cideurs seniors, et il fallait avoir un processus pour g\u00e9rer cela. \u00bb<\/p>\n<p>Il a dit que d&rsquo;autres pays auraient eu leurs propres syst\u00e8mes pour prioriser les offres d&rsquo;EPI et d&rsquo;\u00e9quipements m\u00e9dicaux de diff\u00e9rentes mani\u00e8res.<\/p>\n<p>Hancock a ensuite \u00e9t\u00e9 interrog\u00e9 au sujet d&rsquo;un contrat de 30 millions de livres sterling attribu\u00e9 \u00e0 une entreprise dirig\u00e9e par Alex Bourne, qui poss\u00e9dait un pub dans sa circonscription du Suffolk de l&rsquo;Ouest, pour fabriquer des flacons destin\u00e9s aux tests Covid.<\/p>\n<p>Des courriels montrent que Hancock a transmis des communications de M. Bourne au ministre de la Sant\u00e9 de l&rsquo;\u00e9poque, Lord Bethell, d\u00e9crivant son analyse du syst\u00e8me de tests plus large comme une \u00ab\u00a0critique tr\u00e8s int\u00e9ressante\u00a0\u00bb d&rsquo;un \u00ab\u00a0homme tr\u00e8s impressionnant\u00a0\u00bb.<\/p>\n<p>Lors de l&rsquo;interrogatoire, Hancock a d\u00e9clar\u00e9 qu&rsquo;il avait agi avec un \u00ab\u00a0comportement irr\u00e9prochable\u00a0\u00bb \u00e0 l&rsquo;\u00e9poque et a accus\u00e9 Richard Wald KC, l&rsquo;avocat principal de l&rsquo;enqu\u00eate, de s\u00e9lectionner quelques \u00ab\u00a0messages\u00a0\u00bb qui ont le \u00ab\u00a0plus d&rsquo;int\u00e9r\u00eat pour les tablo\u00efds\u00a0\u00bb.<\/p>\n<p>Il a d\u00e9clar\u00e9 que l&rsquo;enqu\u00eate avait suivi une ligne de questionnement \u00ab\u00a0totalement na\u00efve\u00a0\u00bb en ignorant la r\u00e9alit\u00e9 de la situation \u00e0 l&rsquo;\u00e9poque, tout en faisant des d\u00e9clarations \u00ab\u00a0terriblement p\u00e9joratives\u00a0\u00bb qui \u00e9taient \u00ab\u00a0totalement inappropri\u00e9es\u00a0\u00bb.<\/p>\n<p>\u00c0 la fin de son t\u00e9moignage, la baronne Hallett a dit \u00e0 Hancock qu&rsquo;il \u00ab n&rsquo;\u00e9tait pas le premier et je suis s\u00fbre qu&rsquo;il ne sera pas le dernier t\u00e9moin \u00e0 penser que l&rsquo;enqu\u00eate consiste uniquement \u00e0 critiquer les gens \u00bb.<\/p>\n<p>\u00ab Mon objectif est d&rsquo;enqu\u00eater sur ce qui s&rsquo;est pass\u00e9, d&rsquo;explorer les questions d&rsquo;int\u00e9r\u00eat public, d&rsquo;amener les gens \u00e0 r\u00e9pondre sur ces sujets, et d&rsquo;essayer de formuler des recommandations qui sauveront des vies \u00bb, a-t-elle ajout\u00e9.<\/p>\n<p>\u00ab Radicalement \u00e0 court d&rsquo;EPI \u00bb<\/p>\n","protected":false},"excerpt":{"rendered":"<p>Matt Hancock a d\u00e9fendu les accords du gouvernement pour l&rsquo;achat d&rsquo;\u00e9quipements de protection individuelle (EPI) pendant la pand\u00e9mie, affirmant que le pays \u00e9tait dans une \u00ab\u00a0situation d\u00e9sesp\u00e9r\u00e9e\u00a0\u00bb \u00e0 l&rsquo;\u00e9poque. Lors d&rsquo;une s\u00e9ance houleuse \u00e0 l&rsquo;enqu\u00eate sur le Covid, l&rsquo;ancien ministre de la Sant\u00e9 a critiqu\u00e9 \u00e0 plusieurs reprises la ligne de questionnement, la qualifiant de [&hellip;]<\/p>\n","protected":false},"author":0,"featured_media":8437,"comment_status":"open","ping_status":"open","sticky":false,"template":"","format":"standard","meta":{"footnotes":""},"categories":[1],"tags":[],"class_list":{"0":"post-8436","1":"post","2":"type-post","3":"status-publish","4":"format-standard","5":"has-post-thumbnail","7":"category-uncategorized"},"_links":{"self":[{"href":"https:\/\/placedesnations.org\/index.php\/wp-json\/wp\/v2\/posts\/8436","targetHints":{"allow":["GET"]}}],"collection":[{"href":"https:\/\/placedesnations.org\/index.php\/wp-json\/wp\/v2\/posts"}],"about":[{"href":"https:\/\/placedesnations.org\/index.php\/wp-json\/wp\/v2\/types\/post"}],"replies":[{"embeddable":true,"href":"https:\/\/placedesnations.org\/index.php\/wp-json\/wp\/v2\/comments?post=8436"}],"version-history":[{"count":0,"href":"https:\/\/placedesnations.org\/index.php\/wp-json\/wp\/v2\/posts\/8436\/revisions"}],"wp:featuredmedia":[{"embeddable":true,"href":"https:\/\/placedesnations.org\/index.php\/wp-json\/wp\/v2\/media\/8437"}],"wp:attachment":[{"href":"https:\/\/placedesnations.org\/index.php\/wp-json\/wp\/v2\/media?parent=8436"}],"wp:term":[{"taxonomy":"category","embeddable":true,"href":"https:\/\/placedesnations.org\/index.php\/wp-json\/wp\/v2\/categories?post=8436"},{"taxonomy":"post_tag","embeddable":true,"href":"https:\/\/placedesnations.org\/index.php\/wp-json\/wp\/v2\/tags?post=8436"}],"curies":[{"name":"wp","href":"https:\/\/api.w.org\/{rel}","templated":true}]}}