{"id":8440,"date":"2025-03-20T00:06:55","date_gmt":"2025-03-20T00:06:55","guid":{"rendered":"https:\/\/placedesnations.org\/index.php\/2025\/03\/20\/lacces-aux-voyages-pour-les-personnes-handicapees-est-une-honte-selon-des-deputes\/"},"modified":"2025-03-20T00:06:55","modified_gmt":"2025-03-20T00:06:55","slug":"lacces-aux-voyages-pour-les-personnes-handicapees-est-une-honte-selon-des-deputes","status":"publish","type":"post","link":"https:\/\/placedesnations.org\/index.php\/2025\/03\/20\/lacces-aux-voyages-pour-les-personnes-handicapees-est-une-honte-selon-des-deputes\/","title":{"rendered":"L&rsquo;acc\u00e8s aux voyages pour les personnes handicap\u00e9es est une \u00ab\u00a0honte\u00a0\u00bb, selon des d\u00e9put\u00e9s."},"content":{"rendered":"<p>L&rsquo;accessibilit\u00e9 des transports publics pour les personnes handicap\u00e9es est une \u00ab\u00a0honte nationale\u00a0\u00bb, a averti un groupe influent de d\u00e9put\u00e9s.<\/p>\n<p>Un rapport du comit\u00e9 parlementaire multipartite sur les transports a r\u00e9v\u00e9l\u00e9 des d\u00e9faillances \u00ab\u00a0syst\u00e9matiques\u00a0\u00bb dans l&rsquo;ensemble des transports publics et affirme qu&rsquo;\u00ab une charge trop lourde est plac\u00e9e sur les personnes handicap\u00e9es individuelles \u00bb pour obliger les op\u00e9rateurs et les autorit\u00e9s \u00e0 rendre des comptes.<\/p>\n<p>L&rsquo;association dirig\u00e9e par des personnes handicap\u00e9es, Transport for All, exhorte le gouvernement \u00e0 agir en fonction des conclusions du rapport.<\/p>\n<p>Le ministre des Transports locaux, Simon Lightwood, a d\u00e9clar\u00e9 qu&rsquo;\u00ab il reste encore du travail \u00e0 faire pour s&rsquo;assurer que chacun puisse voyager facilement et avec dignit\u00e9 \u00bb.<\/p>\n<p>\u00ab Il est clair que l&rsquo;accessibilit\u00e9 a \u00e9t\u00e9 une r\u00e9flexion apr\u00e8s coup dans le d\u00e9veloppement des services de transport et qu&rsquo;il reste beaucoup \u00e0 faire pour garantir que tout le monde puisse voyager facilement et avec dignit\u00e9 \u00bb, a-t-il ajout\u00e9.<\/p>\n<p>Le rapport a r\u00e9v\u00e9l\u00e9 que pr\u00e8s de sept personnes handicap\u00e9es sur dix d\u00e9clarent rencontrer des obstacles pour voyager la plupart du temps ou tout le temps.<\/p>\n<p>Ruth Cadbury, d\u00e9put\u00e9e et pr\u00e9sidente de la commission des transports, a d\u00e9clar\u00e9 \u00e0 la BBC : \u00ab Je suis tellement d\u00e9\u00e7ue que mes concitoyens, mes \u00e9lecteurs, ne puissent pas faire les m\u00eames choix que moi quant \u00e0 la mani\u00e8re dont ils vivent leur quotidien. \u00bb<\/p>\n<p>Les d\u00e9put\u00e9s affirment que le syst\u00e8me actuel est trop difficile \u00e0 naviguer. Ils demandent au DFT, qui est responsable de la politique des transports en Angleterre, de simplifier le syst\u00e8me et d&rsquo;envisager des modifications l\u00e9gislatives qui, en th\u00e9orie, pourraient \u00eatre mises en \u0153uvre dans d&rsquo;autres nations du Royaume-Uni.<\/p>\n<p>Le rapport appelle \u00e0 un changement de culture, qui, selon eux, est urgent pour recadrer l&rsquo;inclusion du handicap comme \u00ab une question non n\u00e9gociable de droits humains \u00bb.<\/p>\n<p>Transport for All a d\u00e9clar\u00e9 que les conclusions du rapport \u00ab\u00a0dressent un tableau accablant\u00a0\u00bb, soulignant que la communaut\u00e9 des personnes handicap\u00e9es \u00ab\u00a0n&rsquo;a pas un acc\u00e8s \u00e9gal \u00e0 aucun mode de transport.\u00a0\u00bb<\/p>\n<p>Caroline Stickland, la directrice g\u00e9n\u00e9rale de l&rsquo;association, a d\u00e9clar\u00e9 \u00e0 la BBC : \u00ab Nous accueillons tr\u00e8s favorablement cet appel clair \u00e0 l&rsquo;action indiquant que l&rsquo;\u00e9tat actuel de l&rsquo;inaccessibilit\u00e9 des transports dans ce pays ne peut pas continuer. \u00bb<\/p>\n<p>\u00ab Ce rapport est un signal d&rsquo;alarme pour le gouvernement afin de traiter l&rsquo;accessibilit\u00e9 des transports et de s&rsquo;assurer que le Royaume-Uni est un endroit pour nous tous. \u00bb<\/p>\n<p>Le rapport formule 29 conclusions et recommandations, dont l&rsquo;une sugg\u00e8re que le gouvernement devrait \u00e9laborer une nouvelle strat\u00e9gie de transport inclusive dans un d\u00e9lai de 12 mois.<\/p>\n<p>Le rapport recommande \u00e9galement que les ministres envisagent de simplifier la r\u00e9glementation et l&rsquo;application actuelles, qu&rsquo;ils jugent \u00ab\u00a0beaucoup trop fragment\u00e9es et complexes\u00a0\u00bb.<\/p>\n","protected":false},"excerpt":{"rendered":"<p>L&rsquo;accessibilit\u00e9 des transports publics pour les personnes handicap\u00e9es est une \u00ab\u00a0honte nationale\u00a0\u00bb, a averti un groupe influent de d\u00e9put\u00e9s. Un rapport du comit\u00e9 parlementaire multipartite sur les transports a r\u00e9v\u00e9l\u00e9 des d\u00e9faillances \u00ab\u00a0syst\u00e9matiques\u00a0\u00bb dans l&rsquo;ensemble des transports publics et affirme qu&rsquo;\u00ab une charge trop lourde est plac\u00e9e sur les personnes handicap\u00e9es individuelles \u00bb pour obliger [&hellip;]<\/p>\n","protected":false},"author":0,"featured_media":8441,"comment_status":"open","ping_status":"open","sticky":false,"template":"","format":"standard","meta":{"footnotes":""},"categories":[1],"tags":[],"class_list":{"0":"post-8440","1":"post","2":"type-post","3":"status-publish","4":"format-standard","5":"has-post-thumbnail","7":"category-uncategorized"},"_links":{"self":[{"href":"https:\/\/placedesnations.org\/index.php\/wp-json\/wp\/v2\/posts\/8440","targetHints":{"allow":["GET"]}}],"collection":[{"href":"https:\/\/placedesnations.org\/index.php\/wp-json\/wp\/v2\/posts"}],"about":[{"href":"https:\/\/placedesnations.org\/index.php\/wp-json\/wp\/v2\/types\/post"}],"replies":[{"embeddable":true,"href":"https:\/\/placedesnations.org\/index.php\/wp-json\/wp\/v2\/comments?post=8440"}],"version-history":[{"count":0,"href":"https:\/\/placedesnations.org\/index.php\/wp-json\/wp\/v2\/posts\/8440\/revisions"}],"wp:featuredmedia":[{"embeddable":true,"href":"https:\/\/placedesnations.org\/index.php\/wp-json\/wp\/v2\/media\/8441"}],"wp:attachment":[{"href":"https:\/\/placedesnations.org\/index.php\/wp-json\/wp\/v2\/media?parent=8440"}],"wp:term":[{"taxonomy":"category","embeddable":true,"href":"https:\/\/placedesnations.org\/index.php\/wp-json\/wp\/v2\/categories?post=8440"},{"taxonomy":"post_tag","embeddable":true,"href":"https:\/\/placedesnations.org\/index.php\/wp-json\/wp\/v2\/tags?post=8440"}],"curies":[{"name":"wp","href":"https:\/\/api.w.org\/{rel}","templated":true}]}}