{"id":8487,"date":"2025-03-26T15:23:42","date_gmt":"2025-03-26T15:23:42","guid":{"rendered":"https:\/\/placedesnations.org\/index.php\/2025\/03\/26\/qui-sont-les-millions-de-britanniques-qui-ne-travaillent-pas\/"},"modified":"2025-03-26T15:23:42","modified_gmt":"2025-03-26T15:23:42","slug":"qui-sont-les-millions-de-britanniques-qui-ne-travaillent-pas","status":"publish","type":"post","link":"https:\/\/placedesnations.org\/index.php\/2025\/03\/26\/qui-sont-les-millions-de-britanniques-qui-ne-travaillent-pas\/","title":{"rendered":"Qui sont les millions de Britanniques qui ne travaillent pas ?"},"content":{"rendered":"<p>Dans la d\u00e9claration de printemps, la chanceli\u00e8re Rachel Reeves annonce une s\u00e9rie de mesures visant \u00e0 r\u00e9duire le co\u00fbt des prestations sociales en rendant plus difficile l&rsquo;acc\u00e8s \u00e0 certaines allocations.<\/p>\n<p>L&rsquo;espoir est que cela \u00ab\u00a0remettra la Grande-Bretagne au travail\u00a0\u00bb en incitant certaines personnes qui ne travaillent pas \u00e0 r\u00e9int\u00e9grer le march\u00e9 du travail.<\/p>\n<p>Environ un quart de la population en \u00e2ge de travailler &#8211; ceux \u00e2g\u00e9s de 16 \u00e0 64 ans &#8211; n&rsquo;ont actuellement pas d&#8217;emploi. Cela repr\u00e9sente environ 11 millions de personnes.<\/p>\n<p>Selon les derniers chiffres de l&rsquo;Office for National Statistics (ONS), 4,4 % des personnes \u00e9taient au ch\u00f4mage entre octobre et d\u00e9cembre 2024, ce qui repr\u00e9sente environ 1,6 million de personnes.<\/p>\n<p>Bien que ce chiffre ait augment\u00e9 au cours des deux derni\u00e8res ann\u00e9es, le ch\u00f4mage reste relativement bas par rapport aux normes historiques.<\/p>\n<p>Cependant, les ch\u00f4meurs ne repr\u00e9sentent qu&rsquo;une petite partie des pr\u00e8s de 11 millions de personnes en \u00e2ge de travailler qui n&rsquo;ont pas d&#8217;emploi r\u00e9mun\u00e9r\u00e9.<\/p>\n<p>Environ 9,4 millions d&rsquo;entre eux ne sont pas qualifi\u00e9s de \u00ab ch\u00f4meurs \u00bb. Cela s&rsquo;explique par le fait qu&rsquo;ils ne cherchent pas activement un emploi ou ne sont pas disponibles pour commencer \u00e0 travailler.<\/p>\n<p>Au lieu de cela, les personnes de ce groupe sont appel\u00e9es \u00ab\u00a0inactives \u00e9conomiquement\u00a0\u00bb, externes.<\/p>\n<p>Mais 1,6 million de ce groupe &#8211; en plus des ch\u00f4meurs &#8211; disent qu&rsquo;ils veulent un emploi.<\/p>\n<p>Le nombre de postes vacants, \u00e0 l&rsquo;externe, est actuellement de seulement 0,8 million &#8211; ce chiffre diminue de fa\u00e7on constante depuis deux ans, avec une l\u00e9g\u00e8re augmentation dans les derni\u00e8res statistiques.<\/p>\n<p>Cela varie selon l&rsquo;\u00e2ge.<\/p>\n<p>Les chiffres de l&rsquo;ONS pour la p\u00e9riode d&rsquo;octobre 2023 \u00e0 septembre 2024 montrent que la plupart des 2,8 millions de jeunes de moins de 25 ans \u00ab inactifs \u00bb \u00e9taient des \u00e9tudiants. La majorit\u00e9 d&rsquo;entre eux ne souhaitaient pas avoir un emploi.<\/p>\n<p>Vous pouvez le voir dans le graphique ci-dessous. Cliquez sur la bordure plus fonc\u00e9e entourant un groupe d&rsquo;\u00e2ge pour d\u00e9couvrir leurs raisons de ne pas travailler.<\/p>\n<p>Les choses sont diff\u00e9rentes dans d&rsquo;autres tranches d&rsquo;\u00e2ge.<\/p>\n<p>Parmi les personnes \u00e2g\u00e9es de 25 \u00e0 49 ans, pr\u00e8s de 1,1 million de personnes ne travaillaient pas en raison de responsabilit\u00e9s familiales, dont pr\u00e8s d&rsquo;un million \u00e9taient des femmes.<\/p>\n<p>Plus d&rsquo;un million de personnes dans cette tranche d&rsquo;\u00e2ge ne travaillaient pas en raison de probl\u00e8mes de sant\u00e9.<\/p>\n<p>Les principales raisons pour lesquelles 3,5 millions de personnes de plus de 50 ans \u00e9taient hors du march\u00e9 du travail \u00e9taient la maladie et la retraite anticip\u00e9e. Tr\u00e8s peu de ceux qui ont pris leur retraite anticip\u00e9e ont d\u00e9clar\u00e9 vouloir retourner au travail.<\/p>\n<p>Environ la moiti\u00e9 des personnes en situation de handicap n&rsquo;avaient pas d&#8217;emploi r\u00e9mun\u00e9r\u00e9, un taux qui est plus de deux fois sup\u00e9rieur \u00e0 celui du reste de la population en \u00e2ge de travailler.<\/p>\n<p>Moins d&rsquo;un quart de toutes les personnes malades ou s&rsquo;occupant de quelqu&rsquo;un ont d\u00e9clar\u00e9 vouloir un emploi.<\/p>\n<p>Des personnes malades quittent le march\u00e9 du travail \u00e0 des niveaux record.<\/p>\n<p>Beaucoup de gens ne cherchent pas de travail parce qu&rsquo;ils \u00e9tudient, s&rsquo;occupent de quelqu&rsquo;un ou sont \u00e0 la retraite.<\/p>\n<p>Certaines personnes souhaitent travailler mais ne le peuvent pas, soit parce que la garde d&rsquo;enfants est trop co\u00fbteuse, soit parce qu&rsquo;elles ne sont pas en assez bonne sant\u00e9.<\/p>\n<p>Comme le montre le graphique ci-dessous, les responsabilit\u00e9s familiales et les probl\u00e8mes de sant\u00e9 sont les raisons les plus courantes d&rsquo;inactivit\u00e9 invoqu\u00e9es par ceux qui aimeraient avoir un emploi r\u00e9mun\u00e9r\u00e9.<\/p>\n<p>Le nombre de personnes ne travaillant pas a un effet plus large.<\/p>\n<p>Un effectif r\u00e9duit signifie que le gouvernement per\u00e7oit moins d&rsquo;imp\u00f4ts sur le revenu et de cotisations \u00e0 l&rsquo;assurance nationale, qu&rsquo;il utilise pour financer des services comme le NHS.<\/p>\n<p>Il peut \u00e9galement d\u00e9penser davantage pour les prestations.<\/p>\n<p>Comme les personnes b\u00e9n\u00e9ficiant d&rsquo;allocations ont g\u00e9n\u00e9ralement moins d&rsquo;argent que celles qui travaillent, cela signifie \u00e9galement moins de d\u00e9penses dans les commerces.<\/p>\n<p>Cela, \u00e0 son tour, est mauvais pour les entreprises et peut affecter le nombre de personnes qu&rsquo;elles emploient, ce qui peut signifier qu&rsquo;il y a moins d&#8217;emplois pour ceux qui souhaitent travailler.<\/p>\n<p>Pendant la pand\u00e9mie de Covid, tous les grands pays ont vu leur main-d&rsquo;\u0153uvre diminuer.<\/p>\n<p>Mais alors que de nombreuses autres grandes \u00e9conomies se sont depuis r\u00e9tablies, le Royaume-Uni compte encore plus de personnes hors de sa population active qu&rsquo;en 2019.<\/p>\n<p>Il y a un d\u00e9bat sur la mesure dans laquelle cela est d\u00fb \u00e0 des probl\u00e8mes li\u00e9s \u00e0 la mani\u00e8re dont nous d\u00e9terminons combien de personnes sont inactives, \u00e0 des facteurs externes.<\/p>\n<p>Avant le Covid, le \u00ab taux d&rsquo;inactivit\u00e9 \u00bb du Royaume-Uni \u00e9tait le deuxi\u00e8me plus bas du club des grandes \u00e9conomies du G7, derri\u00e8re le Japon.<\/p>\n<p>L&rsquo;augmentation de la population inactive depuis lors signifie qu&rsquo;\u00e0 pr\u00e9sent, le Royaume-Uni a un taux d&rsquo;inactivit\u00e9 plus \u00e9lev\u00e9 que le Japon, le Canada et l&rsquo;Allemagne.<\/p>\n<p>Le Bureau ind\u00e9pendant de responsabilit\u00e9 budg\u00e9taire, un organisme externe qui \u00e9value la performance de l&rsquo;\u00e9conomie britannique, a sugg\u00e9r\u00e9 que les probl\u00e8mes de sant\u00e9 ont constamment \u00e9t\u00e9 un facteur plus important au Royaume-Uni que dans d&rsquo;autres \u00e9conomies avanc\u00e9es.<\/p>\n<p>La semaine derni\u00e8re, la secr\u00e9taire au Travail et aux Pensions, Liz Kendall, a d\u00e9voil\u00e9 une s\u00e9rie de r\u00e9formes de l&rsquo;aide sociale qui rendraient plus difficile pour les personnes ayant des affections moins graves de r\u00e9clamer des allocations d&rsquo;invalidit\u00e9.<\/p>\n<p>Les tests plus stricts pour les allocations d&rsquo;ind\u00e9pendance personnelle (PIP) devraient affecter des centaines de milliers de b\u00e9n\u00e9ficiaires.<\/p>\n<p>Les paiements suppl\u00e9mentaires pour les conditions de sant\u00e9 seront \u00e9galement gel\u00e9s pour les b\u00e9n\u00e9ficiaires actuels et presque r\u00e9duits de moiti\u00e9 pour les nouveaux demandeurs, tandis que les personnes de moins de 22 ans pourraient \u00eatre emp\u00each\u00e9es de r\u00e9clamer des paiements compl\u00e9mentaires de l&rsquo;Universal Credit (UC) pour des conditions de sant\u00e9.<\/p>\n<p>Dans sa d\u00e9claration de printemps, la chanceli\u00e8re Rachel Reeves a ajout\u00e9 que l&rsquo;UC li\u00e9e \u00e0 la sant\u00e9 sera \u00e9galement gel\u00e9e jusqu&rsquo;en 2030.<\/p>\n<p>Voici la traduction en fran\u00e7ais :<\/p>\n<p>Cela s&rsquo;ajoute aux plans de novembre, annonc\u00e9s par le Premier ministre Sir Keir Starmer, visant \u00e0 mettre deux millions de personnes suppl\u00e9mentaires au travail.<\/p>\n<p>Les propositions comprenaient :<\/p>\n<p>r\u00e9former le syst\u00e8me de prestations de sant\u00e9 et d&rsquo;invalidit\u00e9 pour mieux aider les personnes \u00e0 trouver un emploi et \u00e0 le conserver<\/p>\n<p>renommer les agences pour l&#8217;emploi en Service national de l&#8217;emploi et des carri\u00e8res<\/p>\n<p>offrir \u00e0 chaque jeune de 18 \u00e0 21 ans en Angleterre un apprentissage, une formation, des opportunit\u00e9s \u00e9ducatives ou une aide pour trouver un emploi dans le cadre d&rsquo;une nouvelle \u00ab\u00a0Garantie Jeunesse\u00a0\u00bb<\/p>\n<p>une \u00e9tude ind\u00e9pendante sur les actions des employeurs britanniques pour promouvoir la sant\u00e9 et des lieux de travail inclusifs<\/p>\n<p>fournir plus de fonds pour le Nord-Est, le Yorkshire du Sud et le Yorkshire de l&rsquo;Ouest afin d&#8217;emp\u00eacher les gens de quitter leur emploi pour des raisons de sant\u00e9<\/p>\n<p>\u00e9largir le soutien en mati\u00e8re de sant\u00e9 mentale et les efforts pour lutter contre l&rsquo;ob\u00e9sit\u00e9.<\/p>\n<p>Les propositions ont fait suite \u00e0 de vives critiques de la part des entreprises, selon lesquelles l&rsquo;augmentation de l&rsquo;assurance nationale annonc\u00e9e dans le budget, combin\u00e9e \u00e0 la hausse du salaire minimum, rendra plus difficile la cr\u00e9ation de nouveaux emplois.<\/p>\n<p>Les entreprises avertissent que cela compromettra l&rsquo;objectif du gouvernement d&rsquo;augmenter la population active.<\/p>\n<p>Des d\u00e9cisions difficiles \u00e0 venir alors que le Premier ministre s&rsquo;efforce d&rsquo;inciter les gens \u00e0 travailler.<\/p>\n<p>\u00ab Je veux trouver un emploi, mais je ne sais pas comment faire. \u00bb<\/p>\n<p>Visualisation de donn\u00e9es par Aidan McNamee.<\/p>\n","protected":false},"excerpt":{"rendered":"<p>Dans la d\u00e9claration de printemps, la chanceli\u00e8re Rachel Reeves annonce une s\u00e9rie de mesures visant \u00e0 r\u00e9duire le co\u00fbt des prestations sociales en rendant plus difficile l&rsquo;acc\u00e8s \u00e0 certaines allocations. L&rsquo;espoir est que cela \u00ab\u00a0remettra la Grande-Bretagne au travail\u00a0\u00bb en incitant certaines personnes qui ne travaillent pas \u00e0 r\u00e9int\u00e9grer le march\u00e9 du travail. Environ un [&hellip;]<\/p>\n","protected":false},"author":0,"featured_media":0,"comment_status":"open","ping_status":"open","sticky":false,"template":"","format":"standard","meta":{"footnotes":""},"categories":[1],"tags":[],"class_list":{"0":"post-8487","1":"post","2":"type-post","3":"status-publish","4":"format-standard","6":"category-uncategorized"},"_links":{"self":[{"href":"https:\/\/placedesnations.org\/index.php\/wp-json\/wp\/v2\/posts\/8487","targetHints":{"allow":["GET"]}}],"collection":[{"href":"https:\/\/placedesnations.org\/index.php\/wp-json\/wp\/v2\/posts"}],"about":[{"href":"https:\/\/placedesnations.org\/index.php\/wp-json\/wp\/v2\/types\/post"}],"replies":[{"embeddable":true,"href":"https:\/\/placedesnations.org\/index.php\/wp-json\/wp\/v2\/comments?post=8487"}],"version-history":[{"count":0,"href":"https:\/\/placedesnations.org\/index.php\/wp-json\/wp\/v2\/posts\/8487\/revisions"}],"wp:attachment":[{"href":"https:\/\/placedesnations.org\/index.php\/wp-json\/wp\/v2\/media?parent=8487"}],"wp:term":[{"taxonomy":"category","embeddable":true,"href":"https:\/\/placedesnations.org\/index.php\/wp-json\/wp\/v2\/categories?post=8487"},{"taxonomy":"post_tag","embeddable":true,"href":"https:\/\/placedesnations.org\/index.php\/wp-json\/wp\/v2\/tags?post=8487"}],"curies":[{"name":"wp","href":"https:\/\/api.w.org\/{rel}","templated":true}]}}