{"id":8554,"date":"2025-04-12T23:24:22","date_gmt":"2025-04-12T23:24:22","guid":{"rendered":"https:\/\/placedesnations.org\/index.php\/2025\/04\/12\/trois-millions-de-deces-denfants-lies-a-la-resistance-aux-medicaments-selon-une-etude\/"},"modified":"2025-04-12T23:24:22","modified_gmt":"2025-04-12T23:24:22","slug":"trois-millions-de-deces-denfants-lies-a-la-resistance-aux-medicaments-selon-une-etude","status":"publish","type":"post","link":"https:\/\/placedesnations.org\/index.php\/2025\/04\/12\/trois-millions-de-deces-denfants-lies-a-la-resistance-aux-medicaments-selon-une-etude\/","title":{"rendered":"Trois millions de d\u00e9c\u00e8s d&rsquo;enfants li\u00e9s \u00e0 la r\u00e9sistance aux m\u00e9dicaments, selon une \u00e9tude."},"content":{"rendered":"<p>Selon une \u00e9tude men\u00e9e par deux experts de premier plan en sant\u00e9 infantile, on estime que plus de trois millions d&rsquo;enfants dans le monde sont morts en 2022 \u00e0 cause d&rsquo;infections r\u00e9sistantes aux antibiotiques.<\/p>\n<p>Les enfants en Afrique et en Asie du Sud-Est ont \u00e9t\u00e9 identifi\u00e9s comme \u00e9tant les plus \u00e0 risque.<\/p>\n<p>La r\u00e9sistance aux antimicrobiens, connue sous le nom de RAM, se d\u00e9veloppe lorsque les microbes responsables des infections \u00e9voluent de mani\u00e8re \u00e0 ce que les antibiotiques ne soient plus efficaces.<\/p>\n<p>Il a \u00e9t\u00e9 identifi\u00e9 comme l&rsquo;une des plus grandes menaces pour la sant\u00e9 publique auxquelles la population mondiale est confront\u00e9e.<\/p>\n<p>Une nouvelle \u00e9tude r\u00e9v\u00e8le maintenant l&rsquo;impact que la RAM a sur les enfants.<\/p>\n<p>En utilisant des donn\u00e9es provenant de multiples sources, y compris l&rsquo;Organisation mondiale de la sant\u00e9 (OMS) et la Banque mondiale, les auteurs du rapport ont calcul\u00e9 qu&rsquo;il y a eu plus de trois millions de d\u00e9c\u00e8s d&rsquo;enfants en 2022 li\u00e9s \u00e0 des infections r\u00e9sistantes aux m\u00e9dicaments.<\/p>\n<p>Les experts affirment que cette nouvelle \u00e9tude met en \u00e9vidence une augmentation de plus de dix fois des infections li\u00e9es \u00e0 la RAM chez les enfants en seulement trois ans.<\/p>\n<p>Le nombre aurait pu \u00eatre aggrav\u00e9 par l&rsquo;impact de la pand\u00e9mie de Covid.<\/p>\n<p>Les antibiotiques sont utilis\u00e9s pour traiter ou pr\u00e9venir un large \u00e9ventail d&rsquo;infections bact\u00e9riennes, allant des infections cutan\u00e9es \u00e0 la pneumonie.<\/p>\n<p>Ils sont \u00e9galement parfois administr\u00e9s \u00e0 titre pr\u00e9ventif pour \u00e9viter, plut\u00f4t que traiter, une infection &#8211; par exemple, si quelqu&rsquo;un subit une op\u00e9ration ou re\u00e7oit un traitement de chimioth\u00e9rapie pour le cancer.<\/p>\n<p>Les antibiotiques n&rsquo;ont aucun effet sur les infections virales, comme le rhume, la grippe ou le Covid.<\/p>\n<p>Mais certaines bact\u00e9ries ont maintenant d\u00e9velopp\u00e9 une r\u00e9sistance \u00e0 certains m\u00e9dicaments, en raison de leur surutilisation et de leur utilisation inappropri\u00e9e, tandis que la production de nouveaux antibiotiques &#8211; un processus long et co\u00fbteux &#8211; a consid\u00e9rablement ralenti.<\/p>\n<p>Les auteurs principaux du rapport, la docteure Yanhong Jessika Hu de l&rsquo;Institut de recherche pour enfants Murdoch en Australie et le professeur Herb Harwell de l&rsquo;Initiative d&rsquo;acc\u00e8s \u00e0 la sant\u00e9 Clinton, soulignent une augmentation significative de l&rsquo;utilisation des antibiotiques qui devraient \u00eatre r\u00e9serv\u00e9s uniquement aux infections les plus graves.<\/p>\n<p>Entre 2019 et 2021, l&rsquo;utilisation des antibiotiques dits \u00ab de surveillance \u00bb, des m\u00e9dicaments pr\u00e9sentant un risque \u00e9lev\u00e9 de r\u00e9sistance, a augment\u00e9 de 160 % en Asie du Sud-Est et de 126 % en Afrique.<\/p>\n<p>Au cours de la m\u00eame p\u00e9riode, les \u00ab antibiotiques de r\u00e9serve \u00bb &#8211; traitements de dernier recours pour les infections graves et multir\u00e9sistantes &#8211; ont augment\u00e9 de 45 % en Asie du Sud-Est et de 125 % en Afrique.<\/p>\n<p>Les auteurs avertissent que si les bact\u00e9ries d\u00e9veloppent une r\u00e9sistance \u00e0 ces antibiotiques, il y aura peu, voire aucune, alternative pour traiter les infections multir\u00e9sistantes.<\/p>\n<p>Le Professeur Harwell pr\u00e9sentera les r\u00e9sultats lors du Congr\u00e8s de la Soci\u00e9t\u00e9 Europ\u00e9enne de Microbiologie Clinique et des Maladies Infectieuses \u00e0 Vienne plus tard ce mois-ci.<\/p>\n<p>\u00ab\u00a0L&rsquo;AMR est un probl\u00e8me mondial. Il affecte tout le monde. Nous avons r\u00e9alis\u00e9 ce travail pour nous concentrer sur la mani\u00e8re disproportionn\u00e9e dont l&rsquo;AMR affecte les enfants\u00a0\u00bb, a-t-il d\u00e9clar\u00e9 avant l&rsquo;\u00e9v\u00e9nement.<\/p>\n<p>\u00ab Nous estimons \u00e0 trois millions le nombre de d\u00e9c\u00e8s d&rsquo;enfants dans le monde associ\u00e9s \u00e0 la r\u00e9sistance aux antimicrobiens. \u00bb<\/p>\n<p>L&rsquo;OMS d\u00e9crit la RAM comme l&rsquo;une des menaces les plus graves pour la sant\u00e9 mondiale auxquelles nous sommes confront\u00e9s, mais depuis Vienne, le Professeur Harwell avertit qu&rsquo;il n&rsquo;existe pas de solutions faciles.<\/p>\n<p>\u00ab C&rsquo;est un probl\u00e8me aux multiples facettes qui s&rsquo;\u00e9tend \u00e0 tous les aspects de la m\u00e9decine et, en r\u00e9alit\u00e9, de la vie humaine \u00bb, a-t-il d\u00e9clar\u00e9.<\/p>\n<p>\u00ab\u00a0Les antibiotiques sont omnipr\u00e9sents autour de nous, ils se retrouvent dans notre alimentation et dans l&rsquo;environnement, et trouver une solution unique n&rsquo;est donc pas facile.\u00a0\u00bb<\/p>\n<p>La meilleure fa\u00e7on d&rsquo;\u00e9viter une infection r\u00e9sistante est d&rsquo;\u00e9viter l&rsquo;infection tout court, ce qui signifie qu&rsquo;il faut des niveaux plus \u00e9lev\u00e9s de vaccination, d&rsquo;assainissement de l&rsquo;eau et d&rsquo;hygi\u00e8ne, ajoute-t-il.<\/p>\n<p>\u00ab\u00a0Il va y avoir une utilisation accrue d&rsquo;antibiotiques parce qu&rsquo;il y a plus de personnes qui en ont besoin, mais nous devons nous assurer qu&rsquo;ils sont utilis\u00e9s de mani\u00e8re appropri\u00e9e et que les m\u00e9dicaments corrects sont employ\u00e9s.\u00a0\u00bb<\/p>\n<p>Dr Lindsey Edwards, ma\u00eetre de conf\u00e9rences en microbiologie au King&rsquo;s College de Londres, a d\u00e9clar\u00e9 que la nouvelle \u00e9tude \u00ab repr\u00e9sente une augmentation significative et alarmante par rapport aux donn\u00e9es pr\u00e9c\u00e9dentes \u00bb.<\/p>\n<p>Ces conclusions devraient servir de signal d&rsquo;alarme pour les dirigeants mondiaux de la sant\u00e9. Sans action d\u00e9cisive, la RAM pourrait compromettre des d\u00e9cennies de progr\u00e8s en mati\u00e8re de sant\u00e9 infantile, en particulier dans les r\u00e9gions les plus vuln\u00e9rables du monde.<\/p>\n<p>Utilisation accrue d&rsquo;antibiotiques<\/p>\n<p>Options qui s&rsquo;amenuisent<\/p>\n<p>Y a-t-il une solution \u00e0 la RAM ?<\/p>\n","protected":false},"excerpt":{"rendered":"<p>Selon une \u00e9tude men\u00e9e par deux experts de premier plan en sant\u00e9 infantile, on estime que plus de trois millions d&rsquo;enfants dans le monde sont morts en 2022 \u00e0 cause d&rsquo;infections r\u00e9sistantes aux antibiotiques. Les enfants en Afrique et en Asie du Sud-Est ont \u00e9t\u00e9 identifi\u00e9s comme \u00e9tant les plus \u00e0 risque. La r\u00e9sistance aux [&hellip;]<\/p>\n","protected":false},"author":0,"featured_media":8555,"comment_status":"open","ping_status":"open","sticky":false,"template":"","format":"standard","meta":{"footnotes":""},"categories":[1],"tags":[],"class_list":{"0":"post-8554","1":"post","2":"type-post","3":"status-publish","4":"format-standard","5":"has-post-thumbnail","7":"category-uncategorized"},"_links":{"self":[{"href":"https:\/\/placedesnations.org\/index.php\/wp-json\/wp\/v2\/posts\/8554","targetHints":{"allow":["GET"]}}],"collection":[{"href":"https:\/\/placedesnations.org\/index.php\/wp-json\/wp\/v2\/posts"}],"about":[{"href":"https:\/\/placedesnations.org\/index.php\/wp-json\/wp\/v2\/types\/post"}],"replies":[{"embeddable":true,"href":"https:\/\/placedesnations.org\/index.php\/wp-json\/wp\/v2\/comments?post=8554"}],"version-history":[{"count":0,"href":"https:\/\/placedesnations.org\/index.php\/wp-json\/wp\/v2\/posts\/8554\/revisions"}],"wp:featuredmedia":[{"embeddable":true,"href":"https:\/\/placedesnations.org\/index.php\/wp-json\/wp\/v2\/media\/8555"}],"wp:attachment":[{"href":"https:\/\/placedesnations.org\/index.php\/wp-json\/wp\/v2\/media?parent=8554"}],"wp:term":[{"taxonomy":"category","embeddable":true,"href":"https:\/\/placedesnations.org\/index.php\/wp-json\/wp\/v2\/categories?post=8554"},{"taxonomy":"post_tag","embeddable":true,"href":"https:\/\/placedesnations.org\/index.php\/wp-json\/wp\/v2\/tags?post=8554"}],"curies":[{"name":"wp","href":"https:\/\/api.w.org\/{rel}","templated":true}]}}