{"id":8574,"date":"2025-04-16T12:40:46","date_gmt":"2025-04-16T12:40:46","guid":{"rendered":"https:\/\/placedesnations.org\/index.php\/2025\/04\/16\/loms-approuve-un-traite-juridiquement-contraignant-sur-les-pandemies\/"},"modified":"2025-04-16T12:40:46","modified_gmt":"2025-04-16T12:40:46","slug":"loms-approuve-un-traite-juridiquement-contraignant-sur-les-pandemies","status":"publish","type":"post","link":"https:\/\/placedesnations.org\/index.php\/2025\/04\/16\/loms-approuve-un-traite-juridiquement-contraignant-sur-les-pandemies\/","title":{"rendered":"L&rsquo;OMS approuve un trait\u00e9 juridiquement contraignant sur les pand\u00e9mies."},"content":{"rendered":"<p>Les membres de l&rsquo;Organisation mondiale de la sant\u00e9 (OMS) ont approuv\u00e9 le texte d&rsquo;un trait\u00e9 juridiquement contraignant con\u00e7u pour mieux faire face aux futures pand\u00e9mies.<\/p>\n<p>Le pacte vise \u00e0 \u00e9viter la d\u00e9sorganisation et la concurrence pour les ressources observ\u00e9es lors de l&rsquo;\u00e9pid\u00e9mie de Covid-19.<\/p>\n<p>Les \u00e9l\u00e9ments cl\u00e9s incluent le partage rapide des donn\u00e9es sur les nouvelles maladies, afin de garantir que les scientifiques et les entreprises pharmaceutiques puissent travailler plus rapidement pour d\u00e9velopper des traitements et des vaccins.<\/p>\n<p>Pour la premi\u00e8re fois, l&rsquo;OMS elle-m\u00eame aura \u00e9galement une vue d&rsquo;ensemble des cha\u00eenes d&rsquo;approvisionnement mondiales pour les masques, les blouses m\u00e9dicales et autres \u00e9quipements de protection individuelle (EPI).<\/p>\n<p>Le directeur g\u00e9n\u00e9ral de l&rsquo;OMS, Dr Tedros Adhanom Ghebreyesus, a qualifi\u00e9 cet accord de \u00ab jalon important dans notre parcours commun vers un monde plus s\u00fbr \u00bb.<\/p>\n<p>\u00ab [Les \u00c9tats membres] ont \u00e9galement d\u00e9montr\u00e9 que le multilat\u00e9ralisme est bien vivant et que, dans notre monde divis\u00e9, les nations peuvent encore travailler ensemble pour trouver un terrain d&rsquo;entente et une r\u00e9ponse commune aux menaces partag\u00e9es \u00bb, a-t-il d\u00e9clar\u00e9.<\/p>\n<p>Le pacte juridiquement contraignant conclu t\u00f4t mercredi matin est le r\u00e9sultat de trois ann\u00e9es de n\u00e9gociations entre les \u00c9tats membres.<\/p>\n<p>C&rsquo;est seulement la deuxi\u00e8me fois dans les 75 ans d&rsquo;histoire de l&rsquo;OMS qu&rsquo;un accord international de ce type est conclu \u2013 le premier \u00e9tant un accord sur le contr\u00f4le du tabac en 2003.<\/p>\n<p>Il doit encore \u00eatre formellement adopt\u00e9 par les membres lorsqu&rsquo;ils se r\u00e9uniront pour l&rsquo;Assembl\u00e9e mondiale de la sant\u00e9 le mois prochain.<\/p>\n<p>Les n\u00e9gociateurs am\u00e9ricains n&rsquo;ont pas particip\u00e9 aux discussions finales apr\u00e8s que le pr\u00e9sident Donald Trump a annonc\u00e9 sa d\u00e9cision de se retirer de l&rsquo;agence mondiale de la sant\u00e9, et les \u00c9tats-Unis ne seront pas li\u00e9s par l&rsquo;accord lorsqu&rsquo;ils quitteront l&rsquo;organisation en 2026.<\/p>\n<p>Selon les termes convenus, les pays devront s&rsquo;assurer que les m\u00e9dicaments li\u00e9s \u00e0 la pand\u00e9mie soient disponibles dans le monde entier lors d&rsquo;une future \u00e9pid\u00e9mie.<\/p>\n<p>Les fabricants participants devront allouer 20 % de leur production de vaccins, de traitements et de diagnostics \u00e0 l&rsquo;OMS. Au moins 10 % devront \u00eatre donn\u00e9s, le reste devant \u00eatre fourni \u00e0 des prix abordables.<\/p>\n<p>Les pays ont \u00e9galement approuv\u00e9 le transfert de technologies de sant\u00e9 vers les nations plus pauvres, \u00e0 condition que cela soit \u00ab mutuellement convenu \u00bb.<\/p>\n<p>Cela devrait permettre une production locale accrue de vaccins et de m\u00e9dicaments pendant une pand\u00e9mie, mais la clause avait \u00e9t\u00e9 extr\u00eamement controvers\u00e9e.<\/p>\n<p>Les pays en d\u00e9veloppement sont toujours en col\u00e8re contre la mani\u00e8re dont les nations riches ont achet\u00e9 et stock\u00e9 des vaccins pendant la pand\u00e9mie de Covid-19, tandis que les pays poss\u00e9dant de grandes industries pharmaceutiques s&rsquo;inqui\u00e8tent du fait que les transferts obligatoires pourraient nuire \u00e0 la recherche et au d\u00e9veloppement.<\/p>\n<p>Au c\u0153ur de l&rsquo;accord se trouve un syst\u00e8me propos\u00e9 d&rsquo;acc\u00e8s aux pathog\u00e8nes et de partage des avantages (PABS), permettant un \u00e9change plus rapide de donn\u00e9es entre les entreprises pharmaceutiques.<\/p>\n<p>Cela devrait permettre \u00e0 ces entreprises de commencer \u00e0 travailler sur de nouveaux m\u00e9dicaments plus rapidement lors de toute future \u00e9pid\u00e9mie.<\/p>\n","protected":false},"excerpt":{"rendered":"<p>Les membres de l&rsquo;Organisation mondiale de la sant\u00e9 (OMS) ont approuv\u00e9 le texte d&rsquo;un trait\u00e9 juridiquement contraignant con\u00e7u pour mieux faire face aux futures pand\u00e9mies. Le pacte vise \u00e0 \u00e9viter la d\u00e9sorganisation et la concurrence pour les ressources observ\u00e9es lors de l&rsquo;\u00e9pid\u00e9mie de Covid-19. Les \u00e9l\u00e9ments cl\u00e9s incluent le partage rapide des donn\u00e9es sur les [&hellip;]<\/p>\n","protected":false},"author":0,"featured_media":0,"comment_status":"open","ping_status":"open","sticky":false,"template":"","format":"standard","meta":{"footnotes":""},"categories":[1],"tags":[],"class_list":{"0":"post-8574","1":"post","2":"type-post","3":"status-publish","4":"format-standard","6":"category-uncategorized"},"_links":{"self":[{"href":"https:\/\/placedesnations.org\/index.php\/wp-json\/wp\/v2\/posts\/8574","targetHints":{"allow":["GET"]}}],"collection":[{"href":"https:\/\/placedesnations.org\/index.php\/wp-json\/wp\/v2\/posts"}],"about":[{"href":"https:\/\/placedesnations.org\/index.php\/wp-json\/wp\/v2\/types\/post"}],"replies":[{"embeddable":true,"href":"https:\/\/placedesnations.org\/index.php\/wp-json\/wp\/v2\/comments?post=8574"}],"version-history":[{"count":0,"href":"https:\/\/placedesnations.org\/index.php\/wp-json\/wp\/v2\/posts\/8574\/revisions"}],"wp:attachment":[{"href":"https:\/\/placedesnations.org\/index.php\/wp-json\/wp\/v2\/media?parent=8574"}],"wp:term":[{"taxonomy":"category","embeddable":true,"href":"https:\/\/placedesnations.org\/index.php\/wp-json\/wp\/v2\/categories?post=8574"},{"taxonomy":"post_tag","embeddable":true,"href":"https:\/\/placedesnations.org\/index.php\/wp-json\/wp\/v2\/tags?post=8574"}],"curies":[{"name":"wp","href":"https:\/\/api.w.org\/{rel}","templated":true}]}}