{"id":8668,"date":"2025-05-13T11:46:55","date_gmt":"2025-05-13T11:46:55","guid":{"rendered":"https:\/\/placedesnations.org\/index.php\/2025\/05\/13\/le-responsable-dune-organisation-caritative-critique-les-services-de-sante-reprehensibles\/"},"modified":"2025-05-13T11:46:55","modified_gmt":"2025-05-13T11:46:55","slug":"le-responsable-dune-organisation-caritative-critique-les-services-de-sante-reprehensibles","status":"publish","type":"post","link":"https:\/\/placedesnations.org\/index.php\/2025\/05\/13\/le-responsable-dune-organisation-caritative-critique-les-services-de-sante-reprehensibles\/","title":{"rendered":"Le responsable d&rsquo;une organisation caritative critique les services de sant\u00e9 \u00ab r\u00e9pr\u00e9hensibles \u00bb."},"content":{"rendered":"<p>Les \u00e9tablissements de sant\u00e9 ont \u00e0 plusieurs reprises tent\u00e9 d&#8217;emp\u00eacher les coroners de publier des rapports de pr\u00e9vention des d\u00e9c\u00e8s futurs afin de prot\u00e9ger leur r\u00e9putation, a-t-on appris lors d&rsquo;une enqu\u00eate.<\/p>\n<p>Deborah Coles, directrice de l&rsquo;association caritative Inquest, a d\u00e9clar\u00e9 \u00e0 la BBC que le comportement \u00ab r\u00e9pr\u00e9hensible \u00bb \u00e9tait un sch\u00e9ma \u00ab r\u00e9pandu dans tout le pays \u00bb, mais qu&rsquo;il \u00e9tait \u00ab illustr\u00e9 \u00bb dans l&rsquo;Essex.<\/p>\n<p>Elle a t\u00e9moign\u00e9 lors de l&rsquo;enqu\u00eate Lampard, qui examine les d\u00e9c\u00e8s de plus de 2 000 personnes prises en charge par les services de sant\u00e9 mentale du NHS dans l&rsquo;Essex entre 2000 et 2023.<\/p>\n<p>Essex Partnership University NHS Foundation Trust (EPUT) a pr\u00e9sent\u00e9 ses excuses aux personnes concern\u00e9es.<\/p>\n<p>Dans son t\u00e9moignage devant l&rsquo;enqu\u00eate, Mme Coles a d\u00e9clar\u00e9 que le \u00ab\u00a0manque de franchise\u00a0\u00bb de la part des \u00e9tablissements de sant\u00e9 mentale dans l&rsquo;Essex \u00e9tait la raison pour laquelle une enqu\u00eate publique statutaire devait \u00eatre men\u00e9e.<\/p>\n<p>\u00ab Il est difficile de dire \u00e0 quel point cela est traumatisant pour les familles lorsqu&rsquo;elles assistent \u00e0 une enqu\u00eate\u2026 et voient ensuite des repr\u00e9sentants l\u00e9gaux essayer d&#8217;emp\u00eacher un coroner de r\u00e9diger un rapport de pr\u00e9vention des d\u00e9c\u00e8s futurs, qui vise finalement \u00e0 prot\u00e9ger des vies \u00e0 l&rsquo;avenir &#8211; et je trouve cela r\u00e9pr\u00e9hensible \u00bb, a-t-elle d\u00e9clar\u00e9.<\/p>\n<p>\u00ab\u00a0Nous parlons ici de tenter de prot\u00e9ger des vies et de se souvenir \u00e9galement de ceux qui sont d\u00e9c\u00e9d\u00e9s alors que ces d\u00e9c\u00e8s auraient pu \u00eatre \u00e9vit\u00e9s.\u00a0\u00bb<\/p>\n<p>S&rsquo;adressant \u00e0 la BBC apr\u00e8s avoir t\u00e9moign\u00e9, Mme Coles a d\u00e9clar\u00e9 que les trusts du NHS \u00e9taient plus pr\u00e9occup\u00e9s par les dommages \u00e0 leur r\u00e9putation que par l&rsquo;apprentissage des le\u00e7ons.<\/p>\n<p>\u00ab Cela touche au c\u0153ur de ce dont je parlais [lors de l&rsquo;enqu\u00eate]&#8230; le fait que les trusts sont plus pr\u00e9occup\u00e9s par la protection de leur r\u00e9putation que par la reconnaissance des d\u00e9faillances de leurs syst\u00e8mes et processus et par la tentative de faire quelque chose de significatif \u00e0 ce sujet \u00bb, a-t-elle d\u00e9clar\u00e9.<\/p>\n<p>Mme Coles a ajout\u00e9 qu&rsquo;elle \u00e9tait \u00e9galement en col\u00e8re et frustr\u00e9e par le manque de volont\u00e9 politique des gouvernements successifs \u00ab pour garantir le changement n\u00e9cessaire\u2026 afin d&rsquo;essayer de stopper la culture d\u00e9fensive \u00e9pouvantable que nous observons chez les trusts du NHS, illustr\u00e9e par l&rsquo;exemple de l&rsquo;Essex \u00bb.<\/p>\n<p>\u00ab Les trusts du NHS essaient de discuter avec les coroners en affirmant qu&rsquo;ils ont d\u00e9j\u00e0 mis en \u0153uvre des changements et qu&rsquo;un rapport n&rsquo;est pas n\u00e9cessaire \u00bb, a-t-elle d\u00e9clar\u00e9, ajoutant que cela sapait le potentiel d&rsquo;apprentissage local et national. \u00bb<\/p>\n<p>\u00ab\u00a0Nous devons \u00eatre en mesure de garantir que nous ne parlons pas de plans d&rsquo;action copi\u00e9s-coll\u00e9s, mais que nous pouvons d\u00e9montrer que des mesures ont \u00e9t\u00e9 prises et que les recommandations sont mises en \u0153uvre.\u00a0\u00bb<\/p>\n<p>Un porte-parole du minist\u00e8re de la Sant\u00e9 et des Affaires sociales a d\u00e9clar\u00e9 : \u00ab\u00a0Il est crucial que chaque personne touch\u00e9e par cette \u00e9preuve ait le droit de raconter son histoire.\u00a0\u00bb<\/p>\n<p>\u00ab L&rsquo;enqu\u00eate a recueilli les t\u00e9moignages de nombreuses familles, et nous sommes convaincus qu&rsquo;elle offrira un canal pr\u00e9cieux pour que leurs voix soient entendues. \u00bb<\/p>\n<p>L&rsquo;enqu\u00eate publique est la premi\u00e8re en Angleterre sur les d\u00e9c\u00e8s li\u00e9s \u00e0 la sant\u00e9 mentale, avec des t\u00e9moignages entendus \u00e0 Londres apr\u00e8s des sessions en septembre et novembre.<\/p>\n<p>Les t\u00e9moignages continueront d&rsquo;\u00eatre entendus tout au long de 2025 et 2026, et le rapport de la baronne Lampard devrait \u00eatre publi\u00e9 en 2027.<\/p>\n<p>Le directeur g\u00e9n\u00e9ral de l&rsquo;EPUT, Paul Scott, a pr\u00e9sent\u00e9 ses excuses pour les d\u00e9c\u00e8s survenus sous la responsabilit\u00e9 de son \u00e9tablissement.<\/p>\n<p>Il a dit : \u00ab Au fur et \u00e0 mesure que l&rsquo;enqu\u00eate progresse, il y aura de nombreux t\u00e9moignages de personnes qui \u00e9taient tr\u00e8s aim\u00e9es et qui ont manqu\u00e9 au cours des 24 derni\u00e8res ann\u00e9es, et je tiens \u00e0 exprimer \u00e0 quel point je suis d\u00e9sol\u00e9 pour leur perte. \u00bb<\/p>\n<p>Suivez les actualit\u00e9s d&rsquo;Essex sur BBC Sounds, Facebook, Instagram et X.<\/p>\n","protected":false},"excerpt":{"rendered":"<p>Les \u00e9tablissements de sant\u00e9 ont \u00e0 plusieurs reprises tent\u00e9 d&#8217;emp\u00eacher les coroners de publier des rapports de pr\u00e9vention des d\u00e9c\u00e8s futurs afin de prot\u00e9ger leur r\u00e9putation, a-t-on appris lors d&rsquo;une enqu\u00eate. Deborah Coles, directrice de l&rsquo;association caritative Inquest, a d\u00e9clar\u00e9 \u00e0 la BBC que le comportement \u00ab r\u00e9pr\u00e9hensible \u00bb \u00e9tait un sch\u00e9ma \u00ab r\u00e9pandu dans [&hellip;]<\/p>\n","protected":false},"author":0,"featured_media":0,"comment_status":"open","ping_status":"open","sticky":false,"template":"","format":"standard","meta":{"footnotes":""},"categories":[1],"tags":[],"class_list":{"0":"post-8668","1":"post","2":"type-post","3":"status-publish","4":"format-standard","6":"category-uncategorized"},"_links":{"self":[{"href":"https:\/\/placedesnations.org\/index.php\/wp-json\/wp\/v2\/posts\/8668","targetHints":{"allow":["GET"]}}],"collection":[{"href":"https:\/\/placedesnations.org\/index.php\/wp-json\/wp\/v2\/posts"}],"about":[{"href":"https:\/\/placedesnations.org\/index.php\/wp-json\/wp\/v2\/types\/post"}],"replies":[{"embeddable":true,"href":"https:\/\/placedesnations.org\/index.php\/wp-json\/wp\/v2\/comments?post=8668"}],"version-history":[{"count":0,"href":"https:\/\/placedesnations.org\/index.php\/wp-json\/wp\/v2\/posts\/8668\/revisions"}],"wp:attachment":[{"href":"https:\/\/placedesnations.org\/index.php\/wp-json\/wp\/v2\/media?parent=8668"}],"wp:term":[{"taxonomy":"category","embeddable":true,"href":"https:\/\/placedesnations.org\/index.php\/wp-json\/wp\/v2\/categories?post=8668"},{"taxonomy":"post_tag","embeddable":true,"href":"https:\/\/placedesnations.org\/index.php\/wp-json\/wp\/v2\/tags?post=8668"}],"curies":[{"name":"wp","href":"https:\/\/api.w.org\/{rel}","templated":true}]}}