{"id":8674,"date":"2025-05-14T05:43:03","date_gmt":"2025-05-14T05:43:03","guid":{"rendered":"https:\/\/placedesnations.org\/index.php\/2025\/05\/14\/aider-a-la-ferme-apporte-des-bienfaits-pour-la-sante-mentale\/"},"modified":"2025-05-14T05:43:03","modified_gmt":"2025-05-14T05:43:03","slug":"aider-a-la-ferme-apporte-des-bienfaits-pour-la-sante-mentale","status":"publish","type":"post","link":"https:\/\/placedesnations.org\/index.php\/2025\/05\/14\/aider-a-la-ferme-apporte-des-bienfaits-pour-la-sante-mentale\/","title":{"rendered":"Aider \u00e0 la ferme apporte des bienfaits pour la sant\u00e9 mentale."},"content":{"rendered":"<p>Dans une ferme nich\u00e9e dans les collines du Surrey, de jeunes gens aident \u00e0 rassembler les vaches et \u00e0 construire des enclos pour qu&rsquo;elles puissent \u00eatre vermifug\u00e9es.<\/p>\n<p>Ils passent du temps \u00e0 Pondtail Farm \u00e0 Brockham, pr\u00e8s de Box Hill, pour am\u00e9liorer leur sant\u00e9 mentale dans le cadre du projet Care Farm.<\/p>\n<p>Katie Daw, la coordinatrice de la ferme th\u00e9rapeutique de la Surrey Hills Society, a d\u00e9clar\u00e9 que le programme renfor\u00e7ait la confiance et le bien-\u00eatre des jeunes, tout en r\u00e9duisant leur anxi\u00e9t\u00e9.<\/p>\n<p>Ronnie, \u00e2g\u00e9 de 17 ans, a dit qu&rsquo;aider \u00e0 la ferme \u00e9tait \u00ab\u00a0comme le paradis sur terre pour moi\u00a0\u00bb.<\/p>\n<p>\u00ab Les gens dorment mieux, mangent mieux, et ont envie de se lever et de sortir de chez eux, ce que beaucoup d&rsquo;entre eux ne peuvent vraiment pas faire parce que leur sant\u00e9 mentale est si mauvaise \u00bb, a d\u00e9clar\u00e9 Mme Daw.<\/p>\n<p>\u00ab Nous accueillons toute personne souffrant de probl\u00e8mes de sant\u00e9 mentale ou ayant besoin d&rsquo;un coup de pouce pour sa sant\u00e9 et son bien-\u00eatre, et nous les emmenons dans des fermes en activit\u00e9. \u00bb<\/p>\n<p>Elle a dit que les s\u00e9ances impliquent des travaux agricoles tels que \u00ab ramasser des \u0153ufs ou marquer le b\u00e9tail \u00bb, selon \u00ab ce dont ils ont besoin pour leur sant\u00e9 mentale \u00bb.<\/p>\n<p>\u00ab Cela a eu un impact r\u00e9el, il y a eu quelques participants qui ont envisag\u00e9 de faire carri\u00e8re dans l&rsquo;agriculture \u00bb, a-t-elle ajout\u00e9.<\/p>\n<p>Elle a dit que cela avait \u00e9galement un effet domino sur les familles et les aidants, et que cela pouvait faire une \u00ab\u00a0\u00e9norme diff\u00e9rence\u00a0\u00bb.<\/p>\n<p>Ronnie, 17 ans, a trouv\u00e9 du r\u00e9confort \u00e0 la ferme et a acquis de nouvelles comp\u00e9tences.<\/p>\n<p>Elle a dit : \u00ab \u00catre entour\u00e9e par la nature me rend beaucoup plus heureuse et \u00eatre ici, c&rsquo;est comme un paradis sur terre pour moi. \u00bb<\/p>\n<p>\u00ab Cela signifie beaucoup pour moi d&rsquo;\u00eatre simplement entour\u00e9 des animaux. \u00bb<\/p>\n<p>Peter, qui a 16 ans, a dit qu&rsquo;il appr\u00e9ciait \u00ab\u00a0simplement s&rsquo;\u00e9loigner de tout\u00a0\u00bb et trouvait la ferme paisible.<\/p>\n<p>Nellie Budd, de Pondtail Farm, a d\u00e9clar\u00e9 : \u00ab Il y a toujours quelque chose de diff\u00e9rent \u00e0 faire et \u00e0 voir pour eux. \u00bb<\/p>\n<p>\u00ab\u00a0J&rsquo;ai certainement vu plusieurs d&rsquo;entre eux changer et se sentir plus confiants avec et autour des animaux.\u00a0\u00bb<\/p>\n<p>Une jeune personne n&rsquo;approchait pas les animaux lors de son premier jour, mais \u00ab\u00a0elle n&rsquo;h\u00e9site m\u00eame plus\u00a0\u00bb maintenant, a-t-elle dit.<\/p>\n<p>\u00ab\u00a0\u00c7a leur a donn\u00e9 la confiance dont ils ont besoin pour r\u00e9aliser qu&rsquo;ils peuvent accomplir des choses.\u00a0\u00bb<\/p>\n<p>Thea, 14 ans, a d\u00e9sormais obtenu une place dans un lyc\u00e9e agricole pour \u00e9tudier l&rsquo;horticulture.<\/p>\n<p>Elle a dit que Care Farm lui avait \u00ab\u00a0donn\u00e9 beaucoup plus de confiance avec les gens et les animaux\u00a0\u00bb.<\/p>\n<p>Bethany, qui a 17 ans, a ajout\u00e9 : \u00ab J&rsquo;aime vraiment passer du temps avec les vaches et tous les diff\u00e9rents animaux autour. \u00bb<\/p>\n<p>\u00ab\u00a0C&rsquo;est juste une bonne fa\u00e7on de sortir de la maison et de passer du temps \u00e0 la campagne.\u00a0\u00bb<\/p>\n<p>Le projet pilote est soutenu par une subvention de 65 900 \u00a3 du Fonds d&rsquo;investissement pour la sant\u00e9 mentale et du programme Surrey Hills Farming in Protected Landscapes.<\/p>\n<p>Suivez BBC Surrey sur Facebook, sur X et sur Instagram. Envoyez vos id\u00e9es d&rsquo;articles \u00e0 southeasttoday@bbc.co.uk ou contactez-nous sur WhatsApp au 08081 002250.<\/p>\n","protected":false},"excerpt":{"rendered":"<p>Dans une ferme nich\u00e9e dans les collines du Surrey, de jeunes gens aident \u00e0 rassembler les vaches et \u00e0 construire des enclos pour qu&rsquo;elles puissent \u00eatre vermifug\u00e9es. Ils passent du temps \u00e0 Pondtail Farm \u00e0 Brockham, pr\u00e8s de Box Hill, pour am\u00e9liorer leur sant\u00e9 mentale dans le cadre du projet Care Farm. Katie Daw, la [&hellip;]<\/p>\n","protected":false},"author":0,"featured_media":0,"comment_status":"open","ping_status":"open","sticky":false,"template":"","format":"standard","meta":{"footnotes":""},"categories":[1],"tags":[],"class_list":{"0":"post-8674","1":"post","2":"type-post","3":"status-publish","4":"format-standard","6":"category-uncategorized"},"_links":{"self":[{"href":"https:\/\/placedesnations.org\/index.php\/wp-json\/wp\/v2\/posts\/8674","targetHints":{"allow":["GET"]}}],"collection":[{"href":"https:\/\/placedesnations.org\/index.php\/wp-json\/wp\/v2\/posts"}],"about":[{"href":"https:\/\/placedesnations.org\/index.php\/wp-json\/wp\/v2\/types\/post"}],"replies":[{"embeddable":true,"href":"https:\/\/placedesnations.org\/index.php\/wp-json\/wp\/v2\/comments?post=8674"}],"version-history":[{"count":0,"href":"https:\/\/placedesnations.org\/index.php\/wp-json\/wp\/v2\/posts\/8674\/revisions"}],"wp:attachment":[{"href":"https:\/\/placedesnations.org\/index.php\/wp-json\/wp\/v2\/media?parent=8674"}],"wp:term":[{"taxonomy":"category","embeddable":true,"href":"https:\/\/placedesnations.org\/index.php\/wp-json\/wp\/v2\/categories?post=8674"},{"taxonomy":"post_tag","embeddable":true,"href":"https:\/\/placedesnations.org\/index.php\/wp-json\/wp\/v2\/tags?post=8674"}],"curies":[{"name":"wp","href":"https:\/\/api.w.org\/{rel}","templated":true}]}}