{"id":8676,"date":"2025-05-15T00:38:07","date_gmt":"2025-05-15T00:38:07","guid":{"rendered":"https:\/\/placedesnations.org\/index.php\/2025\/05\/15\/revision-necessaire-pour-eviter-que-les-beneficiaires-de-prestations-ne-subissent-des-prejudices-selon-les-deputes\/"},"modified":"2025-05-15T00:38:07","modified_gmt":"2025-05-15T00:38:07","slug":"revision-necessaire-pour-eviter-que-les-beneficiaires-de-prestations-ne-subissent-des-prejudices-selon-les-deputes","status":"publish","type":"post","link":"https:\/\/placedesnations.org\/index.php\/2025\/05\/15\/revision-necessaire-pour-eviter-que-les-beneficiaires-de-prestations-ne-subissent-des-prejudices-selon-les-deputes\/","title":{"rendered":"R\u00e9vision n\u00e9cessaire pour \u00e9viter que les b\u00e9n\u00e9ficiaires de prestations ne subissent des pr\u00e9judices, selon les d\u00e9put\u00e9s."},"content":{"rendered":"<p>Les d\u00e9put\u00e9s demandent une modification de la loi pour emp\u00eacher que les b\u00e9n\u00e9ficiaires de prestations ne subissent des pr\u00e9judices de la part du minist\u00e8re cens\u00e9 les aider.<\/p>\n<p>Plusieurs personnes sont d\u00e9c\u00e9d\u00e9es ces derni\u00e8res ann\u00e9es \u00e0 la suite de d\u00e9faillances du Department for Work and Pensions (DWP).<\/p>\n<p>Un comit\u00e9 multipartite de d\u00e9put\u00e9s affirme que de nouvelles l\u00e9gislations et un \u00ab\u00a0changement culturel profond\u00a0\u00bb au sein du DWP sont n\u00e9cessaires pour prot\u00e9ger les clients vuln\u00e9rables.<\/p>\n<p>Un porte-parole du DWP a d\u00e9clar\u00e9 que le gouvernement \u00ab\u00a0consulte actuellement sur une nouvelle approche de protection\u00a0\u00bb qui \u00ab\u00a0soutient r\u00e9ellement les personnes vuln\u00e9rables\u00a0\u00bb.<\/p>\n<p>Au cours des derni\u00e8res ann\u00e9es, les d\u00e9c\u00e8s d&rsquo;Errol Graham, Philippa Day et Kevin Gale ont conduit \u00e0 de vives critiques \u00e0 l&rsquo;encontre du DWP pour sa gestion des clients vuln\u00e9rables.<\/p>\n<p>Dans le cas de M. Gale, le coroner a soulign\u00e9 que \u00ab\u00a0les proc\u00e9dures actuelles du DWP peuvent ne pas \u00eatre pratiques pour les personnes souffrant de maladies mentales et peuvent aggraver les sympt\u00f4mes\u00a0\u00bb.<\/p>\n<p>L&rsquo;enqu\u00eate a entendu parler du nombre et de la longueur des formulaires du DWP que les demandeurs devaient remplir, de la dur\u00e9e des files d&rsquo;attente t\u00e9l\u00e9phoniques pour joindre les conseillers du DWP, et de l&rsquo;obligation de parcourir de longues distances pour se rendre \u00e0 des rendez-vous pour les personnes souffrant de maladies mentales.<\/p>\n<p>Le rapport de jeudi, \u00e9manant du Comit\u00e9 de la S\u00e9lection du Travail et des Pensions, r\u00e9v\u00e8le que les d\u00e9c\u00e8s d&rsquo;au moins 274 personnes ont fait l&rsquo;objet d&rsquo;une enqu\u00eate interne par le DWP depuis avril 2015.<\/p>\n<p>De telles enqu\u00eates &#8211; des examens de processus internes &#8211; sont lanc\u00e9es lorsqu&rsquo;il y a une all\u00e9gation selon laquelle un dossier a \u00e9t\u00e9 mal g\u00e9r\u00e9 par le DWP, ce qui a potentiellement contribu\u00e9 \u00e0 un pr\u00e9judice grave ou \u00e0 un probl\u00e8me de protection.<\/p>\n<p>Pendant la m\u00eame p\u00e9riode, 58 enqu\u00eates ont \u00e9t\u00e9 ouvertes sur des cas o\u00f9 des clients ont subi des pr\u00e9judices &#8211; mais les d\u00e9put\u00e9s ont d\u00e9clar\u00e9 que l&rsquo;ampleur des d\u00e9faillances \u00e9tait probablement plus importante.<\/p>\n<p>\u00ab Que des personnes continuent de subir des pr\u00e9judices apr\u00e8s avoir trait\u00e9 avec le DWP est un \u00e9chec \u00e9vident de la protection au sein du syst\u00e8me \u00bb, a d\u00e9clar\u00e9 la pr\u00e9sidente du comit\u00e9, Debbie Abrahams, d\u00e9put\u00e9e.<\/p>\n<p>\u00ab Jusqu&rsquo;\u00e0 r\u00e9cemment, ramener les gens au travail pour r\u00e9duire les co\u00fbts avait \u00e9t\u00e9 prioris\u00e9 par rapport \u00e0 la fourniture de soutien et de soins aux personnes vuln\u00e9rables \u00bb, a ajout\u00e9 Mme Abrahams.<\/p>\n<p>\u00ab Nous avons entendu des t\u00e9moignages selon lesquels le processus d&rsquo;engagement avec le DWP&#8230; conduisait trop souvent \u00e0 une d\u00e9tresse mentale. \u00bb<\/p>\n<p>Un changement culturel profond\u00e9ment enracin\u00e9 au sein du DWP est d\u00e9sesp\u00e9r\u00e9ment n\u00e9cessaire pour r\u00e9tablir la confiance et placer la protection au c\u0153ur de l&rsquo;\u00e9laboration des politiques.<\/p>\n<p>\u00ab\u00a0Introduire une obligation l\u00e9gale de prot\u00e9ger les demandeurs vuln\u00e9rables pour le d\u00e9partement est une partie fondamentale de cela.\u00a0\u00bb<\/p>\n<p>Une nouvelle loi, rendant le secr\u00e9taire d&rsquo;\u00c9tat responsable de la protection des clients, garantirait que chacun consid\u00e8re qu&rsquo;il est de sa responsabilit\u00e9 de prot\u00e9ger les demandeurs, d\u00e9clare le comit\u00e9.<\/p>\n<p>Carl, 44 ans, ancien couvreur de Croydon, dans le sud de Londres, a d\u00e9clar\u00e9 que sa premi\u00e8re interaction avec le DWP \u00ab\u00a0a \u00e9t\u00e9 une exp\u00e9rience assez d\u00e9sagr\u00e9able et traumatisante\u00a0\u00bb.<\/p>\n<p>Il avait lutt\u00e9 pendant 18 mois contre une affection d\u00e9g\u00e9n\u00e9rative du dos qui lui causait des probl\u00e8mes de mobilit\u00e9 et des douleurs constantes, n\u00e9cessitant des analg\u00e9siques puissants.<\/p>\n<p>En 2018, apr\u00e8s avoir essay\u00e9 divers m\u00e9tiers moins manuels, comme le pl\u00e2trage et la pose de moquettes, il a r\u00e9alis\u00e9 qu&rsquo;il ne pouvait plus conserver un emploi.<\/p>\n<p>Il a fait une demande de cr\u00e9dit universel, sa toute premi\u00e8re demande d&rsquo;allocation, ce qui a conduit \u00e0 un rendez-vous \u00e0 son centre d&#8217;emploi local.<\/p>\n<p>Carl dit que le conseiller en emploi \u00e9tait \u00ab\u00a0tr\u00e8s condescendant et m\u00e9prisant\u00a0\u00bb.<\/p>\n<p>Il a dit : \u00ab Si vous voulez de l&rsquo;argent de notre part, vous allez devoir vous plier en quatre. \u00bb<\/p>\n<p>\u00ab\u00a0C&rsquo;\u00e9tait presque comme s&rsquo;il essayait de sous-entendre que je n&rsquo;\u00e9tais pas honn\u00eate et que je faisais semblant.\u00a0\u00bb<\/p>\n<p>\u00ab\u00a0C&rsquo;\u00e9tait une r\u00e9ponse tr\u00e8s indiff\u00e9rente. Je voulais du soutien pour obtenir un emploi non manuel.\u00a0\u00bb<\/p>\n<p>Shannon Johnstone, 28 ans, qui s&rsquo;est retrouv\u00e9e \u00e0 dormir dans la rue il y a environ sept ans avant de se tourner vers le DWP pour obtenir de l&rsquo;aide, a d\u00e9clar\u00e9 que les recommandations \u00ab\u00a0vont absolument changer la vie des gens&#8230; si elles sont bien mises en \u0153uvre\u00a0\u00bb.<\/p>\n<p>Au d\u00e9but de sa demande, elle se souvient que le DWP lui a dit : \u00ab Nous ne pouvons pas vous aider avec votre situation de sans-abri \u00bb, ce qu&rsquo;elle dit \u00eatre compr\u00e9hensible mais d\u00e9courageant.<\/p>\n<p>Elle ne sait pas si son cas a \u00e9t\u00e9 transmis \u00e0 des organisations pour sans-abri, car on ne le lui a jamais dit. Maintenant, elle accueille favorablement la recommandation d&rsquo;inclure les points de vue des personnes ayant une exp\u00e9rience v\u00e9cue dans la conception, la planification et la mise en \u0153uvre de la politique du DWP.<\/p>\n<p>\u00ab Les personnes qui sont pass\u00e9es par le syst\u00e8me comprennent ce que l&rsquo;on ressent lorsqu&rsquo;on est interrog\u00e9 par un inspecteur du [DWP] \u00bb, d\u00e9clare Shannon, qui travaille maintenant pour l&rsquo;association caritative Expert Link.<\/p>\n<p>\u00ab\u00a0Ils comprennent ce que c&rsquo;est que de rassembler beaucoup de documents, donc en les incluant dans la conception du syst\u00e8me, cela va fonctionner beaucoup mieux.\u00a0\u00bb<\/p>\n<p>Dans un communiqu\u00e9, le DWP a d\u00e9clar\u00e9 que le gouvernement s&rsquo;engageait \u00e0 prot\u00e9ger les personnes qui utilisent ses services \u00ab\u00a0et \u00e0 r\u00e9parer le syst\u00e8me de protection sociale d\u00e9faillant que nous avons h\u00e9rit\u00e9 afin qu&rsquo;il fonctionne pour ceux qui en ont besoin\u00a0\u00bb.<\/p>\n<p>\u00ab\u00a0C&rsquo;est pourquoi nous consultons actuellement sur une nouvelle approche de protection, et nos r\u00e9formes am\u00e9lioreront la vie des gens et r\u00e9tabliront la confiance en \u00e9tablissant une approche qui soutient v\u00e9ritablement les personnes vuln\u00e9rables.\u00a0\u00bb<\/p>\n<p>Le porte-parole a ajout\u00e9 que le gouvernement encourageait les gens \u00e0 faire entendre leur voix lors de la consultation et \u00e0 contribuer \u00e0 construire un syst\u00e8me \u00ab\u00a0qui fonctionne mieux pour tous\u00a0\u00bb.<\/p>\n","protected":false},"excerpt":{"rendered":"<p>Les d\u00e9put\u00e9s demandent une modification de la loi pour emp\u00eacher que les b\u00e9n\u00e9ficiaires de prestations ne subissent des pr\u00e9judices de la part du minist\u00e8re cens\u00e9 les aider. Plusieurs personnes sont d\u00e9c\u00e9d\u00e9es ces derni\u00e8res ann\u00e9es \u00e0 la suite de d\u00e9faillances du Department for Work and Pensions (DWP). Un comit\u00e9 multipartite de d\u00e9put\u00e9s affirme que de nouvelles [&hellip;]<\/p>\n","protected":false},"author":0,"featured_media":0,"comment_status":"open","ping_status":"open","sticky":false,"template":"","format":"standard","meta":{"footnotes":""},"categories":[1],"tags":[],"class_list":{"0":"post-8676","1":"post","2":"type-post","3":"status-publish","4":"format-standard","6":"category-uncategorized"},"_links":{"self":[{"href":"https:\/\/placedesnations.org\/index.php\/wp-json\/wp\/v2\/posts\/8676","targetHints":{"allow":["GET"]}}],"collection":[{"href":"https:\/\/placedesnations.org\/index.php\/wp-json\/wp\/v2\/posts"}],"about":[{"href":"https:\/\/placedesnations.org\/index.php\/wp-json\/wp\/v2\/types\/post"}],"replies":[{"embeddable":true,"href":"https:\/\/placedesnations.org\/index.php\/wp-json\/wp\/v2\/comments?post=8676"}],"version-history":[{"count":0,"href":"https:\/\/placedesnations.org\/index.php\/wp-json\/wp\/v2\/posts\/8676\/revisions"}],"wp:attachment":[{"href":"https:\/\/placedesnations.org\/index.php\/wp-json\/wp\/v2\/media?parent=8676"}],"wp:term":[{"taxonomy":"category","embeddable":true,"href":"https:\/\/placedesnations.org\/index.php\/wp-json\/wp\/v2\/categories?post=8676"},{"taxonomy":"post_tag","embeddable":true,"href":"https:\/\/placedesnations.org\/index.php\/wp-json\/wp\/v2\/tags?post=8676"}],"curies":[{"name":"wp","href":"https:\/\/api.w.org\/{rel}","templated":true}]}}