{"id":8692,"date":"2025-05-20T05:05:14","date_gmt":"2025-05-20T05:05:14","guid":{"rendered":"https:\/\/placedesnations.org\/index.php\/2025\/05\/20\/nous-ne-pouvons-pas-rester-silencieux-face-a-la-lutte-contre-lendometriose\/"},"modified":"2025-05-20T05:05:14","modified_gmt":"2025-05-20T05:05:14","slug":"nous-ne-pouvons-pas-rester-silencieux-face-a-la-lutte-contre-lendometriose","status":"publish","type":"post","link":"https:\/\/placedesnations.org\/index.php\/2025\/05\/20\/nous-ne-pouvons-pas-rester-silencieux-face-a-la-lutte-contre-lendometriose\/","title":{"rendered":"\u00ab Nous ne pouvons pas rester silencieux face \u00e0 la lutte contre l&rsquo;endom\u00e9triose \u00bb"},"content":{"rendered":"<p>Une femme qui a souffert d&rsquo;endom\u00e9triose non diagnostiqu\u00e9e pendant 10 ans a exhort\u00e9 ses coll\u00e8gues souffrant de la m\u00eame condition \u00e0 ne pas ignorer leurs besoins de sant\u00e9 sur le lieu de travail.<\/p>\n<p>La cr\u00e9atrice de mode Roya Rasouli, 27 ans, s&rsquo;est promis sur son lit d&rsquo;h\u00f4pital de partager son histoire apr\u00e8s avoir enfin re\u00e7u un diagnostic pour sa maladie en 2019.<\/p>\n<p>Elle a dit qu&rsquo;elle s&rsquo;\u00e9tait engag\u00e9e \u00e0 s&rsquo;exprimer dans le cadre de sa mission personnelle pour aider les autres, en appelant \u00e0 un meilleur soutien sur le lieu de travail.<\/p>\n<p>\u00ab C&rsquo;est d\u00e9chirant que les femmes soient laiss\u00e9es \u00e0 elles-m\u00eames pour g\u00e9rer cela \u00e0 huis clos \u00bb, a-t-elle d\u00e9clar\u00e9.<\/p>\n<p>L&rsquo;endom\u00e9triose est le nom donn\u00e9 \u00e0 la condition o\u00f9 des cellules similaires \u00e0 celles de la muqueuse de l&rsquo;ut\u00e9rus se d\u00e9veloppent dans d&rsquo;autres parties du corps, entra\u00eenant des douleurs intenses.<\/p>\n<p>Mme Rasouli, de Manchester, a d\u00e9clar\u00e9 qu&rsquo;elle avait \u00e9t\u00e9 ballott\u00e9e de m\u00e9decin en m\u00e9decin pendant une d\u00e9cennie avant d&rsquo;obtenir son diagnostic et de subir une op\u00e9ration.<\/p>\n<p>\u00ab J&rsquo;avais consult\u00e9 environ 30 gyn\u00e9cologues sp\u00e9cialistes et personne n&rsquo;a jamais d\u00e9couvert ce que c&rsquo;\u00e9tait \u00bb, a-t-elle dit.<\/p>\n<p>\u00ab\u00a0Chaque personne avait un point de vue diff\u00e9rent parce que tous mes scanners et r\u00e9sultats d&rsquo;IRM \u00e9taient normaux.\u00a0\u00bb<\/p>\n<p>\u00c0 un moment donn\u00e9, j&rsquo;ai commenc\u00e9 \u00e0 douter de moi et j&rsquo;ai pens\u00e9 que c&rsquo;\u00e9tait peut-\u00eatre juste moi.<\/p>\n<p>\u00ab\u00a0Je me sentais extr\u00eamement \u00e9tranger et isol\u00e9, tout seul et comme si personne ne me comprenait.\u00a0\u00bb<\/p>\n<p>Un aspect de sa vie qui a \u00e9t\u00e9 impact\u00e9 est son travail.<\/p>\n<p>Mme Rasouli a d\u00e9clar\u00e9 que les lieux de travail n&rsquo;avaient pas toujours compris ou soutenu sa condition.<\/p>\n<p>\u00ab Certaines personnes ne comprennent tout simplement pas, et c&rsquo;est assez difficile lorsque le lieu de travail n&rsquo;est pas diversifi\u00e9, ouvert et inclusif \u00bb, a-t-elle d\u00e9clar\u00e9.<\/p>\n<p>Ginisha Vekaria, responsable du programme de bien-\u00eatre menstruel sur le lieu de travail chez Endometriosis UK, a d\u00e9clar\u00e9 : \u00ab Environ une personne sur six pourrait envisager de quitter son emploi. \u00bb<\/p>\n<p>\u00ab Ce n&rsquo;est pas parce qu&rsquo;ils ne peuvent pas faire leur travail, c&rsquo;est peut-\u00eatre simplement qu&rsquo;ils souffrent et ratent le travail, donc encore une fois, cela revient \u00e0 cette connaissance et \u00e0 ce soutien. \u00bb<\/p>\n<p>Le projet de loi sur les droits du travail est actuellement en cours d&rsquo;examen au parlement, ce qui signifiera que les grands employeurs seront tenus d&rsquo;\u00e9laborer des plans de soutien pour la sant\u00e9 reproductive.<\/p>\n<p>Mais en attendant, Mme Rasouli esp\u00e8re que son travail fera une diff\u00e9rence.<\/p>\n<p>Depuis, elle a cr\u00e9\u00e9 FemWear, une marque de mode visant \u00e0 offrir des v\u00eatements confortables pour les femmes ayant des probl\u00e8mes de sant\u00e9 gyn\u00e9cologique et intestinale.<\/p>\n<p>Elle voulait partager son histoire pour montrer \u00e0 d&rsquo;autres femmes \u00ab\u00a0qu&rsquo;il est possible de r\u00e9ussir\u00a0\u00bb malgr\u00e9 les d\u00e9fis li\u00e9s \u00e0 la sant\u00e9.<\/p>\n<p>\u00ab Depuis 2019 sur mon lit d&rsquo;h\u00f4pital, j&rsquo;ai jur\u00e9 que je ne pouvais pas rester silencieuse pour le bien de 200 millions de femmes dans le monde \u00bb, a-t-elle d\u00e9clar\u00e9.<\/p>\n<p>Nous devons nous soutenir mutuellement et \u00eatre ouverts en disant &lsquo;c&rsquo;est d&rsquo;accord, la vie craint, la vie est douloureuse&rsquo;, il n&rsquo;y a pas encore de rem\u00e8de pour cela, mais nous ne pouvons pas arr\u00eater de vivre.<\/p>\n<p>Nous devons postuler aux emplois de nos r\u00eaves et nous accorder du cr\u00e9dit.<\/p>\n<p>\u00ab\u00a0L&rsquo;endom\u00e9triose ne me d\u00e9finit pas et ne d\u00e9finit pas vos comp\u00e9tences.\u00a0\u00bb<\/p>\n<p>\u00c9coutez le meilleur de BBC Radio Manchester sur Sounds et suivez BBC Manchester sur Facebook, X et Instagram. Vous pouvez \u00e9galement envoyer vos id\u00e9es d&rsquo;articles via WhatsApp au 0808 100 2230.<\/p>\n","protected":false},"excerpt":{"rendered":"<p>Une femme qui a souffert d&rsquo;endom\u00e9triose non diagnostiqu\u00e9e pendant 10 ans a exhort\u00e9 ses coll\u00e8gues souffrant de la m\u00eame condition \u00e0 ne pas ignorer leurs besoins de sant\u00e9 sur le lieu de travail. La cr\u00e9atrice de mode Roya Rasouli, 27 ans, s&rsquo;est promis sur son lit d&rsquo;h\u00f4pital de partager son histoire apr\u00e8s avoir enfin re\u00e7u [&hellip;]<\/p>\n","protected":false},"author":0,"featured_media":0,"comment_status":"open","ping_status":"open","sticky":false,"template":"","format":"standard","meta":{"footnotes":""},"categories":[1],"tags":[],"class_list":{"0":"post-8692","1":"post","2":"type-post","3":"status-publish","4":"format-standard","6":"category-uncategorized"},"_links":{"self":[{"href":"https:\/\/placedesnations.org\/index.php\/wp-json\/wp\/v2\/posts\/8692","targetHints":{"allow":["GET"]}}],"collection":[{"href":"https:\/\/placedesnations.org\/index.php\/wp-json\/wp\/v2\/posts"}],"about":[{"href":"https:\/\/placedesnations.org\/index.php\/wp-json\/wp\/v2\/types\/post"}],"replies":[{"embeddable":true,"href":"https:\/\/placedesnations.org\/index.php\/wp-json\/wp\/v2\/comments?post=8692"}],"version-history":[{"count":0,"href":"https:\/\/placedesnations.org\/index.php\/wp-json\/wp\/v2\/posts\/8692\/revisions"}],"wp:attachment":[{"href":"https:\/\/placedesnations.org\/index.php\/wp-json\/wp\/v2\/media?parent=8692"}],"wp:term":[{"taxonomy":"category","embeddable":true,"href":"https:\/\/placedesnations.org\/index.php\/wp-json\/wp\/v2\/categories?post=8692"},{"taxonomy":"post_tag","embeddable":true,"href":"https:\/\/placedesnations.org\/index.php\/wp-json\/wp\/v2\/tags?post=8692"}],"curies":[{"name":"wp","href":"https:\/\/api.w.org\/{rel}","templated":true}]}}